{"id":137926,"date":"2022-01-07T07:00:02","date_gmt":"2022-01-07T12:00:02","guid":{"rendered":"https:\/\/linitiative.ca\/International\/prisonniers-suspension-provisoire-a-partir-de-lundi-des-visites-familiales\/"},"modified":"2022-01-07T07:00:02","modified_gmt":"2022-01-07T12:00:02","slug":"prisonniers-suspension-provisoire-a-partir-de-lundi-des-visites-familiales","status":"publish","type":"post","link":"https:\/\/linitiative.ca\/International\/prisonniers-suspension-provisoire-a-partir-de-lundi-des-visites-familiales\/","title":{"rendered":"Prisonniers: Suspension provisoire \u00e0 partir de lundi des visites familiales"},"content":{"rendered":"<div>\n<div style=\"margin-bottom:20px;\"><img loading=\"lazy\" decoding=\"async\" width=\"750\" height=\"430\" src=\"https:\/\/linitiative.ca\/International\/wp-content\/uploads\/sites\/23\/2022\/01\/DGAPR.jpg\" class=\"attachment-post-thumbnail size-post-thumbnail wp-post-image\" alt=\"\" srcset=\"https:\/\/linitiative.ca\/International\/wp-content\/uploads\/sites\/23\/2022\/01\/DGAPR.jpg 750w, https:\/\/www.mapmarrakech.ma\/map\/uploads\/2021\/02\/DGAPR-300x172.jpg 300w\" sizes=\"auto, (max-width: 750px) 100vw, 750px\"><\/div>\n<p>Dans un communiqu\u00e9, la DGAPR pr\u00e9cise que cette d\u00e9cision est li\u00e9e aux derniers d\u00e9veloppements de la situation \u00e9pid\u00e9miologique, suite \u00e0 la hausse remarquable du nombre des contaminations au coronavirus en raison de l\u2019apparition de nouveaux variants tr\u00e8s contagieux.<\/p>\n<p>Cette d\u00e9cision s\u2019inscrit dans le souci de veiller \u00e0 la s\u00e9curit\u00e9 des prisonniers, des fonctionnaires et des usagers, ajoute la m\u00eame source.<\/p>\n<p>The post <a rel=\"nofollow\" href=\"https:\/\/www.mapmarrakech.ma\/fr\/prisonniers-suspension-provisoire-a-partir-de-lundi-des-visites-familiales\/\">Prisonniers: Suspension provisoire \u00e0 partir de lundi des visites familiales<\/a> appeared first on <a rel=\"nofollow\" href=\"https:\/\/www.mapmarrakech.ma\/fr\">MapMarrakech<\/a>.<\/p>\n<\/div>\n<p>Auteur: Meriem IGASS<br \/>\n<a href=\"https:\/\/www.mapmarrakech.ma\/fr\/prisonniers-suspension-provisoire-a-partir-de-lundi-des-visites-familiales\/\">Cliquez ici pour lire l&rsquo;article depuis sa source.<\/a><\/p>\n","protected":false},"excerpt":{"rendered":"<p>Dans un communiqu\u00e9, la DGAPR pr\u00e9cise que cette d\u00e9cision est li\u00e9e aux derniers d\u00e9veloppements de la situation \u00e9pid\u00e9miologique, suite \u00e0 la hausse remarquable du nombre des contaminations au coronavirus en raison de l\u2019apparition de nouveaux variants tr\u00e8s contagieux. Cette d\u00e9cision s\u2019inscrit dans le souci de veiller \u00e0 la s\u00e9curit\u00e9 des prisonniers, des fonctionnaires et des [&hellip;]<\/p>\n","protected":false},"author":1788,"featured_media":0,"comment_status":"closed","ping_status":"closed","sticky":false,"template":"","format":"standard","meta":{"fifu_image_url":"https:\/\/www.mapmarrakech.ma\/map\/uploads\/2021\/02\/DGAPR.jpg","fifu_image_alt":"Prisonniers: Suspension provisoire \u00e0 partir de lundi des visites familiales","footnotes":""},"categories":[54,76],"tags":[],"class_list":["post-137926","post","type-post","status-publish","format-standard","hentry","category-maroc","category-regions"],"_links":{"self":[{"href":"https:\/\/linitiative.ca\/International\/wp-json\/wp\/v2\/posts\/137926","targetHints":{"allow":["GET"]}}],"collection":[{"href":"https:\/\/linitiative.ca\/International\/wp-json\/wp\/v2\/posts"}],"about":[{"href":"https:\/\/linitiative.ca\/International\/wp-json\/wp\/v2\/types\/post"}],"author":[{"embeddable":true,"href":"https:\/\/linitiative.ca\/International\/wp-json\/wp\/v2\/users\/1788"}],"replies":[{"embeddable":true,"href":"https:\/\/linitiative.ca\/International\/wp-json\/wp\/v2\/comments?post=137926"}],"version-history":[{"count":0,"href":"https:\/\/linitiative.ca\/International\/wp-json\/wp\/v2\/posts\/137926\/revisions"}],"wp:attachment":[{"href":"https:\/\/linitiative.ca\/International\/wp-json\/wp\/v2\/media?parent=137926"}],"wp:term":[{"taxonomy":"category","embeddable":true,"href":"https:\/\/linitiative.ca\/International\/wp-json\/wp\/v2\/categories?post=137926"},{"taxonomy":"post_tag","embeddable":true,"href":"https:\/\/linitiative.ca\/International\/wp-json\/wp\/v2\/tags?post=137926"}],"curies":[{"name":"wp","href":"https:\/\/api.w.org\/{rel}","templated":true}]}}