{"id":137928,"date":"2022-01-07T12:55:02","date_gmt":"2022-01-07T17:55:02","guid":{"rendered":"https:\/\/linitiative.ca\/International\/presentation-et-signature-du-nouveau-recueil-du-poete-naoufal-saidi\/"},"modified":"2022-01-07T12:55:02","modified_gmt":"2022-01-07T17:55:02","slug":"presentation-et-signature-du-nouveau-recueil-du-poete-naoufal-saidi","status":"publish","type":"post","link":"https:\/\/linitiative.ca\/International\/presentation-et-signature-du-nouveau-recueil-du-poete-naoufal-saidi\/","title":{"rendered":"Pr\u00e9sentation et signature du nouveau recueil du po\u00e8te Naoufal Sa\u00efdi"},"content":{"rendered":"<div>\n<div style=\"margin-bottom:20px;\"><img loading=\"lazy\" decoding=\"async\" width=\"750\" height=\"430\" src=\"https:\/\/linitiative.ca\/International\/wp-content\/uploads\/sites\/23\/2022\/01\/essaouira-copier.jpg\" class=\"attachment-post-thumbnail size-post-thumbnail wp-post-image\" alt=\"\" srcset=\"https:\/\/linitiative.ca\/International\/wp-content\/uploads\/sites\/23\/2022\/01\/essaouira-copier.jpg 750w, https:\/\/www.mapmarrakech.ma\/map\/uploads\/2022\/01\/essaouira-copier-300x172.jpg 300w\" sizes=\"auto, (max-width: 750px) 100vw, 750px\"><\/div>\n<p>Initi\u00e9e par l\u2019Association \u00ab\u00a0Horizon\u00a0\u00bb pour la culture et le patrimoine, en partenariat avec l\u2019Association Essaouira-Mogador, cette c\u00e9r\u00e9monie s\u2019est d\u00e9roul\u00e9e en pr\u00e9sence d\u2019une brochette d\u2019intellectuels, \u00e9crivains, po\u00e8tes, critiques et hommes de lettres, outre d\u2019acteurs issus de diff\u00e9rents horizons.<\/p>\n<p>De format moyen (126 pages), ce recueil, le 6\u00e8me \u00e0 l\u2019actif de ce po\u00e8te souiri, comprend 24 po\u00e8mes traitant de diverses th\u00e9matiques et sujets refl\u00e9tant les diff\u00e9rents aspects du quotidien et de la vie, en g\u00e9n\u00e9ral, de Naoufal Sa\u00efdi.<\/p>\n<p>Dans une d\u00e9claration \u00e0 la MAP \u00e0 cette occasion, M. Sa\u00efdi a \u00e9mis le v\u0153u de voir ce genre d\u2019activit\u00e9s et d\u2019initiatives culturelles se poursuivre et se succ\u00e9der afin de contribuer \u00e0 l\u2019all\u00e8gement du fardeau et des effets collat\u00e9raux de la propagation de la pand\u00e9mie de la Covid-19, estimant que l\u2019art demeure l\u2019un des rem\u00e8des et l\u2019une des solutions appropri\u00e9s.<\/p>\n<p>Et l\u2019auteur de relever qu\u2019\u00e0 travers ce nouveau recueil, il a essay\u00e9 de toucher \u00e0 une kyrielle de sujets qui le pr\u00e9occupent et font \u00e9galement la lumi\u00e8re sur le v\u00e9cu, l\u2019identit\u00e9 et les diff\u00e9rents aspects de la vie de Naoufal Sa\u00efdi.<\/p>\n<p>De son c\u00f4t\u00e9, le chercheur et critique, M. Abderrazak Mesbahi, qui animait cette c\u00e9r\u00e9monie, a mis en exergue l\u2019exp\u00e9rience de Naoufal Sa\u00efdi, riche et longue d\u2019une dizaine d\u2019ann\u00e9es, soulignant que ce nouveau recueil traite notamment de l\u2019auto-exp\u00e9rience, de l\u2019aspect humain et de la question de l\u2019identit\u00e9 de Naoufal Sa\u00efdi en tant que po\u00e8te, comme en t\u00e9moigne l\u2019intitul\u00e9 de cet ouvrage.<\/p>\n<p>Ce po\u00e8te, qui jouit d\u2019une place de choix sur la sc\u00e8ne culturelle souirie, m\u00e9rite amplement d\u2019\u00eatre f\u00eat\u00e9 comme il se doit, eu \u00e9gard \u00e0 son exp\u00e9rience riche et exceptionnelle, a-t-il encha\u00een\u00e9.<\/p>\n<p>Pour leur part, des po\u00e8tes pr\u00e9sents \u00e0 cette c\u00e9r\u00e9monie ont pass\u00e9 en revue le parcours de cet auteur et ses participations distingu\u00e9es \u00e0 diff\u00e9rents concours, notamment \u00e0 celui de Sharjah aux Emirats Arabes Unis, notant que Naoufal Sa\u00efdi est influenc\u00e9 par le grand po\u00e8te arabe Abou Tayeb Al Mutanabbi.<\/p>\n<p>Cet auteur jouit aussi d\u2019une pr\u00e9sence consid\u00e9rable sur la sc\u00e8ne culturelle et artistique locale, ont-ils soulign\u00e9, tout en mettant en avant le style litt\u00e9raire raffin\u00e9 des \u00e9crits de ce po\u00e8te.<\/p>\n<p>The post <a rel=\"nofollow\" href=\"https:\/\/www.mapmarrakech.ma\/fr\/presentation-et-signature-du-nouveau-recueil-du-poete-naoufal-saidi\/\">Pr\u00e9sentation et signature du nouveau recueil du po\u00e8te Naoufal Sa\u00efdi<\/a> appeared first on <a rel=\"nofollow\" href=\"https:\/\/www.mapmarrakech.ma\/fr\">MapMarrakech<\/a>.<\/p>\n<\/div>\n<p>Auteur: Meriem IGASS<br \/>\n<a href=\"https:\/\/www.mapmarrakech.ma\/fr\/presentation-et-signature-du-nouveau-recueil-du-poete-naoufal-saidi\/\">Cliquez ici pour lire l&rsquo;article depuis sa source.<\/a><\/p>\n","protected":false},"excerpt":{"rendered":"<p>Initi\u00e9e par l\u2019Association \u00ab\u00a0Horizon\u00a0\u00bb pour la culture et le patrimoine, en partenariat avec l\u2019Association Essaouira-Mogador, cette c\u00e9r\u00e9monie s\u2019est d\u00e9roul\u00e9e en pr\u00e9sence d\u2019une brochette d\u2019intellectuels, \u00e9crivains, po\u00e8tes, critiques et hommes de lettres, outre d\u2019acteurs issus de diff\u00e9rents horizons. De format moyen (126 pages), ce recueil, le 6\u00e8me \u00e0 l\u2019actif de ce po\u00e8te souiri, comprend 24 po\u00e8mes [&hellip;]<\/p>\n","protected":false},"author":1788,"featured_media":0,"comment_status":"closed","ping_status":"closed","sticky":false,"template":"","format":"standard","meta":{"fifu_image_url":"https:\/\/www.mapmarrakech.ma\/map\/uploads\/2022\/01\/essaouira-copier.jpg","fifu_image_alt":"Pr\u00e9sentation et signature du nouveau recueil du po\u00e8te Naoufal Sa\u00efdi","footnotes":""},"categories":[54,76],"tags":[],"class_list":["post-137928","post","type-post","status-publish","format-standard","hentry","category-maroc","category-regions"],"_links":{"self":[{"href":"https:\/\/linitiative.ca\/International\/wp-json\/wp\/v2\/posts\/137928","targetHints":{"allow":["GET"]}}],"collection":[{"href":"https:\/\/linitiative.ca\/International\/wp-json\/wp\/v2\/posts"}],"about":[{"href":"https:\/\/linitiative.ca\/International\/wp-json\/wp\/v2\/types\/post"}],"author":[{"embeddable":true,"href":"https:\/\/linitiative.ca\/International\/wp-json\/wp\/v2\/users\/1788"}],"replies":[{"embeddable":true,"href":"https:\/\/linitiative.ca\/International\/wp-json\/wp\/v2\/comments?post=137928"}],"version-history":[{"count":0,"href":"https:\/\/linitiative.ca\/International\/wp-json\/wp\/v2\/posts\/137928\/revisions"}],"wp:attachment":[{"href":"https:\/\/linitiative.ca\/International\/wp-json\/wp\/v2\/media?parent=137928"}],"wp:term":[{"taxonomy":"category","embeddable":true,"href":"https:\/\/linitiative.ca\/International\/wp-json\/wp\/v2\/categories?post=137928"},{"taxonomy":"post_tag","embeddable":true,"href":"https:\/\/linitiative.ca\/International\/wp-json\/wp\/v2\/tags?post=137928"}],"curies":[{"name":"wp","href":"https:\/\/api.w.org\/{rel}","templated":true}]}}