{"id":137930,"date":"2022-01-07T07:45:03","date_gmt":"2022-01-07T12:45:03","guid":{"rendered":"https:\/\/linitiative.ca\/International\/medina-de-tanger-apres-la-rehabilitation-la-redynamisation-economique\/"},"modified":"2022-01-07T07:45:03","modified_gmt":"2022-01-07T12:45:03","slug":"medina-de-tanger-apres-la-rehabilitation-la-redynamisation-economique","status":"publish","type":"post","link":"https:\/\/linitiative.ca\/International\/medina-de-tanger-apres-la-rehabilitation-la-redynamisation-economique\/","title":{"rendered":"M\u00e9dina de Tanger : Apr\u00e8s la r\u00e9habilitation, la redynamisation \u00e9conomique."},"content":{"rendered":"<div>\n<div class=\"field field-name-body field-type-text-with-summary field-label-hidden\">\n<div class=\"field-items\">\n<div class=\"field-item even\" property=\"content:encoded\">\n<p class=\"rtejustify\">Apr\u00e8s le programme de restauration et de mise en valeur lanc\u00e9 en 2020, il s\u2019agit maintenant d\u2019apporter de l\u2019aide \u00e0 ses commer\u00e7ants et \u00e0 tous ceux qui s\u2019activaient gr\u00e2ce \u00e0 elle.<\/p>\n<\/div>\n<\/div>\n<\/div>\n<\/div>\n<p>Auteur: mbasraoui<br \/>\n<a href=\"https:\/\/www.leconomiste.com\/flash-infos\/medina-de-tanger-apres-la-rehabilitation-la-redynamisation-economique\">Cliquez ici pour lire l&rsquo;article depuis sa source.<\/a><\/p>\n","protected":false},"excerpt":{"rendered":"<p>Apr\u00e8s le programme de restauration et de mise en valeur lanc\u00e9 en 2020, il s\u2019agit maintenant d\u2019apporter de l\u2019aide \u00e0 ses commer\u00e7ants et \u00e0 tous ceux qui s\u2019activaient gr\u00e2ce \u00e0 elle. Auteur: mbasraoui Cliquez ici pour lire l&rsquo;article depuis sa source.<\/p>\n","protected":false},"author":1763,"featured_media":0,"comment_status":"closed","ping_status":"closed","sticky":false,"template":"","format":"standard","meta":{"fifu_image_url":"","fifu_image_alt":"","footnotes":""},"categories":[78,54],"tags":[],"class_list":["post-137930","post","type-post","status-publish","format-standard","hentry","category-economie","category-maroc"],"_links":{"self":[{"href":"https:\/\/linitiative.ca\/International\/wp-json\/wp\/v2\/posts\/137930","targetHints":{"allow":["GET"]}}],"collection":[{"href":"https:\/\/linitiative.ca\/International\/wp-json\/wp\/v2\/posts"}],"about":[{"href":"https:\/\/linitiative.ca\/International\/wp-json\/wp\/v2\/types\/post"}],"author":[{"embeddable":true,"href":"https:\/\/linitiative.ca\/International\/wp-json\/wp\/v2\/users\/1763"}],"replies":[{"embeddable":true,"href":"https:\/\/linitiative.ca\/International\/wp-json\/wp\/v2\/comments?post=137930"}],"version-history":[{"count":0,"href":"https:\/\/linitiative.ca\/International\/wp-json\/wp\/v2\/posts\/137930\/revisions"}],"wp:attachment":[{"href":"https:\/\/linitiative.ca\/International\/wp-json\/wp\/v2\/media?parent=137930"}],"wp:term":[{"taxonomy":"category","embeddable":true,"href":"https:\/\/linitiative.ca\/International\/wp-json\/wp\/v2\/categories?post=137930"},{"taxonomy":"post_tag","embeddable":true,"href":"https:\/\/linitiative.ca\/International\/wp-json\/wp\/v2\/tags?post=137930"}],"curies":[{"name":"wp","href":"https:\/\/api.w.org\/{rel}","templated":true}]}}