{"id":137932,"date":"2022-01-07T07:49:50","date_gmt":"2022-01-07T12:49:50","guid":{"rendered":"https:\/\/linitiative.ca\/International\/ladministration-penitentiaire-suspend-les-visites-familiales\/"},"modified":"2022-01-07T07:49:50","modified_gmt":"2022-01-07T12:49:50","slug":"ladministration-penitentiaire-suspend-les-visites-familiales","status":"publish","type":"post","link":"https:\/\/linitiative.ca\/International\/ladministration-penitentiaire-suspend-les-visites-familiales\/","title":{"rendered":"L&rsquo;administration p\u00e9nitentiaire suspend les visites familiales"},"content":{"rendered":"<div>\n<div class=\"field field-name-body field-type-text-with-summary field-label-hidden\">\n<div class=\"field-items\">\n<div class=\"field-item even\" property=\"content:encoded\">\n<p class=\"rtejustify\">La D\u00e9l\u00e9gation g\u00e9n\u00e9rale \u00e0 l&rsquo;administration p\u00e9nitentiaire et \u00e0 la r\u00e9insertion (DGAPR) a annonc\u00e9 vendredi la suspension, \u00e0 partir de lundi prochain et jusqu&rsquo;\u00e0 nouvel ordre, des visites familiales au profit des pensionnaires des \u00e9tablissements p\u00e9nitentiaires.<\/p>\n<p class=\"rtejustify\">La DGAPR pr\u00e9cise que cette d\u00e9cision est li\u00e9e aux derniers d\u00e9veloppements de la situation \u00e9pid\u00e9miologique, suite \u00e0 la hausse remarquable du nombre des contaminations au coronavirus en raison de l&rsquo;apparition de nouveaux variants tr\u00e8s contagieux.<\/p>\n<\/div>\n<\/div>\n<\/div>\n<\/div>\n<p>Auteur: mbasraoui<br \/>\n<a href=\"https:\/\/www.leconomiste.com\/flash-infos\/l-administration-penitentiaire-suspend-les-visites-familiales\">Cliquez ici pour lire l&rsquo;article depuis sa source.<\/a><\/p>\n","protected":false},"excerpt":{"rendered":"<p>La D\u00e9l\u00e9gation g\u00e9n\u00e9rale \u00e0 l&rsquo;administration p\u00e9nitentiaire et \u00e0 la r\u00e9insertion (DGAPR) a annonc\u00e9 vendredi la suspension, \u00e0 partir de lundi prochain et jusqu&rsquo;\u00e0 nouvel ordre, des visites familiales au profit des pensionnaires des \u00e9tablissements p\u00e9nitentiaires. La DGAPR pr\u00e9cise que cette d\u00e9cision est li\u00e9e aux derniers d\u00e9veloppements de la situation \u00e9pid\u00e9miologique, suite \u00e0 la hausse remarquable [&hellip;]<\/p>\n","protected":false},"author":1763,"featured_media":0,"comment_status":"closed","ping_status":"closed","sticky":false,"template":"","format":"standard","meta":{"fifu_image_url":"","fifu_image_alt":"","footnotes":""},"categories":[78,54],"tags":[],"class_list":["post-137932","post","type-post","status-publish","format-standard","hentry","category-economie","category-maroc"],"_links":{"self":[{"href":"https:\/\/linitiative.ca\/International\/wp-json\/wp\/v2\/posts\/137932","targetHints":{"allow":["GET"]}}],"collection":[{"href":"https:\/\/linitiative.ca\/International\/wp-json\/wp\/v2\/posts"}],"about":[{"href":"https:\/\/linitiative.ca\/International\/wp-json\/wp\/v2\/types\/post"}],"author":[{"embeddable":true,"href":"https:\/\/linitiative.ca\/International\/wp-json\/wp\/v2\/users\/1763"}],"replies":[{"embeddable":true,"href":"https:\/\/linitiative.ca\/International\/wp-json\/wp\/v2\/comments?post=137932"}],"version-history":[{"count":0,"href":"https:\/\/linitiative.ca\/International\/wp-json\/wp\/v2\/posts\/137932\/revisions"}],"wp:attachment":[{"href":"https:\/\/linitiative.ca\/International\/wp-json\/wp\/v2\/media?parent=137932"}],"wp:term":[{"taxonomy":"category","embeddable":true,"href":"https:\/\/linitiative.ca\/International\/wp-json\/wp\/v2\/categories?post=137932"},{"taxonomy":"post_tag","embeddable":true,"href":"https:\/\/linitiative.ca\/International\/wp-json\/wp\/v2\/tags?post=137932"}],"curies":[{"name":"wp","href":"https:\/\/api.w.org\/{rel}","templated":true}]}}