{"id":137933,"date":"2022-01-07T08:37:29","date_gmt":"2022-01-07T13:37:29","guid":{"rendered":"https:\/\/linitiative.ca\/International\/sacs-en-plastique-un-atelier-clandestin-demantele-a-mohammedia\/"},"modified":"2022-01-07T08:37:29","modified_gmt":"2022-01-07T13:37:29","slug":"sacs-en-plastique-un-atelier-clandestin-demantele-a-mohammedia","status":"publish","type":"post","link":"https:\/\/linitiative.ca\/International\/sacs-en-plastique-un-atelier-clandestin-demantele-a-mohammedia\/","title":{"rendered":"Sacs en plastique: Un atelier clandestin d\u00e9mantel\u00e9 \u00e0 Mohammedia"},"content":{"rendered":"<div>\n<div class=\"field field-name-body field-type-text-with-summary field-label-hidden\">\n<div class=\"field-items\">\n<div class=\"field-item even\" property=\"content:encoded\">\n<p class=\"rtejustify\">Une commission provinciale mixte a proc\u00e9d\u00e9, dimanche dernier, au d\u00e9mant\u00e8lement d&rsquo;un atelier clandestin de fabrication de sacs en plastique interdits situ\u00e9 \u00e0 douar Aatamna de la commune Sidi Moussa Ben Ali \u00e0 Mohammedia.<\/p>\n<\/div>\n<\/div>\n<\/div>\n<\/div>\n<p>Auteur: mbasraoui<br \/>\n<a href=\"https:\/\/www.leconomiste.com\/flash-infos\/sacs-en-plastique-un-atelier-clandestin-demantele-mohammedia\">Cliquez ici pour lire l&rsquo;article depuis sa source.<\/a><\/p>\n","protected":false},"excerpt":{"rendered":"<p>Une commission provinciale mixte a proc\u00e9d\u00e9, dimanche dernier, au d\u00e9mant\u00e8lement d&rsquo;un atelier clandestin de fabrication de sacs en plastique interdits situ\u00e9 \u00e0 douar Aatamna de la commune Sidi Moussa Ben Ali \u00e0 Mohammedia. Auteur: mbasraoui Cliquez ici pour lire l&rsquo;article depuis sa source.<\/p>\n","protected":false},"author":1763,"featured_media":0,"comment_status":"closed","ping_status":"closed","sticky":false,"template":"","format":"standard","meta":{"fifu_image_url":"","fifu_image_alt":"","footnotes":""},"categories":[78,54],"tags":[],"class_list":["post-137933","post","type-post","status-publish","format-standard","hentry","category-economie","category-maroc"],"_links":{"self":[{"href":"https:\/\/linitiative.ca\/International\/wp-json\/wp\/v2\/posts\/137933","targetHints":{"allow":["GET"]}}],"collection":[{"href":"https:\/\/linitiative.ca\/International\/wp-json\/wp\/v2\/posts"}],"about":[{"href":"https:\/\/linitiative.ca\/International\/wp-json\/wp\/v2\/types\/post"}],"author":[{"embeddable":true,"href":"https:\/\/linitiative.ca\/International\/wp-json\/wp\/v2\/users\/1763"}],"replies":[{"embeddable":true,"href":"https:\/\/linitiative.ca\/International\/wp-json\/wp\/v2\/comments?post=137933"}],"version-history":[{"count":0,"href":"https:\/\/linitiative.ca\/International\/wp-json\/wp\/v2\/posts\/137933\/revisions"}],"wp:attachment":[{"href":"https:\/\/linitiative.ca\/International\/wp-json\/wp\/v2\/media?parent=137933"}],"wp:term":[{"taxonomy":"category","embeddable":true,"href":"https:\/\/linitiative.ca\/International\/wp-json\/wp\/v2\/categories?post=137933"},{"taxonomy":"post_tag","embeddable":true,"href":"https:\/\/linitiative.ca\/International\/wp-json\/wp\/v2\/tags?post=137933"}],"curies":[{"name":"wp","href":"https:\/\/api.w.org\/{rel}","templated":true}]}}