{"id":137936,"date":"2022-01-07T05:52:00","date_gmt":"2022-01-07T10:52:00","guid":{"rendered":"https:\/\/linitiative.ca\/International\/bensebaini-voila-la-force-du-coach-et-de-son-staff\/"},"modified":"2022-01-07T05:52:00","modified_gmt":"2022-01-07T10:52:00","slug":"bensebaini-voila-la-force-du-coach-et-de-son-staff","status":"publish","type":"post","link":"https:\/\/linitiative.ca\/International\/bensebaini-voila-la-force-du-coach-et-de-son-staff\/","title":{"rendered":"Bensebaini : \u00ab\u00a0Voila la force du coach et de son staff\u00a0\u00bb"},"content":{"rendered":"<div>A l&rsquo;occasion d&rsquo;un entretien accord\u00e9 \u00e0 L&rsquo;Equipe, Ramy Bensebaini a r\u00e9v\u00e9l\u00e9 la force du staff technique actuel avec Djamel Belmadi \u00e0 sa t\u00eate<\/div>\n<p>Auteur:<br \/>\n<a href=\"https:\/\/www.lebuteur.com\/article\/detail?titre=bensebaini-voila-la-force-du-coach-et-de-son-staff&#038;id=102003\">Cliquez ici pour lire l&rsquo;article depuis sa source.<\/a><\/p>\n","protected":false},"excerpt":{"rendered":"<p>A l&rsquo;occasion d&rsquo;un entretien accord\u00e9 \u00e0 L&rsquo;Equipe, Ramy Bensebaini a r\u00e9v\u00e9l\u00e9 la force du staff technique actuel avec Djamel Belmadi \u00e0 sa t\u00eate Auteur: Cliquez ici pour lire l&rsquo;article depuis sa source.<\/p>\n","protected":false},"author":1738,"featured_media":0,"comment_status":"closed","ping_status":"closed","sticky":false,"template":"","format":"standard","meta":{"fifu_image_url":"","fifu_image_alt":"","footnotes":""},"categories":[53,75],"tags":[],"class_list":["post-137936","post","type-post","status-publish","format-standard","hentry","category-algerie","category-sport"],"_links":{"self":[{"href":"https:\/\/linitiative.ca\/International\/wp-json\/wp\/v2\/posts\/137936","targetHints":{"allow":["GET"]}}],"collection":[{"href":"https:\/\/linitiative.ca\/International\/wp-json\/wp\/v2\/posts"}],"about":[{"href":"https:\/\/linitiative.ca\/International\/wp-json\/wp\/v2\/types\/post"}],"author":[{"embeddable":true,"href":"https:\/\/linitiative.ca\/International\/wp-json\/wp\/v2\/users\/1738"}],"replies":[{"embeddable":true,"href":"https:\/\/linitiative.ca\/International\/wp-json\/wp\/v2\/comments?post=137936"}],"version-history":[{"count":0,"href":"https:\/\/linitiative.ca\/International\/wp-json\/wp\/v2\/posts\/137936\/revisions"}],"wp:attachment":[{"href":"https:\/\/linitiative.ca\/International\/wp-json\/wp\/v2\/media?parent=137936"}],"wp:term":[{"taxonomy":"category","embeddable":true,"href":"https:\/\/linitiative.ca\/International\/wp-json\/wp\/v2\/categories?post=137936"},{"taxonomy":"post_tag","embeddable":true,"href":"https:\/\/linitiative.ca\/International\/wp-json\/wp\/v2\/tags?post=137936"}],"curies":[{"name":"wp","href":"https:\/\/api.w.org\/{rel}","templated":true}]}}