{"id":137943,"date":"2022-01-07T08:40:17","date_gmt":"2022-01-07T13:40:17","guid":{"rendered":"https:\/\/linitiative.ca\/International\/location-de-voitures-la-tutelle-et-les-professionnels-examinent-les-mesures-de-sortie-de-crise\/"},"modified":"2022-01-07T08:40:17","modified_gmt":"2022-01-07T13:40:17","slug":"location-de-voitures-la-tutelle-et-les-professionnels-examinent-les-mesures-de-sortie-de-crise","status":"publish","type":"post","link":"https:\/\/linitiative.ca\/International\/location-de-voitures-la-tutelle-et-les-professionnels-examinent-les-mesures-de-sortie-de-crise\/","title":{"rendered":"Location de voitures. La tutelle et les professionnels examinent les mesures de sortie de crise"},"content":{"rendered":"<div><img decoding=\"async\" width=\"1000\" height=\"533\" src=\"https:\/\/linitiative.ca\/International\/wp-content\/uploads\/sites\/23\/2022\/01\/location.jpeg\" class=\"attachment-post-thumbnail size-post-thumbnail wp-post-image\" alt=\"\" loading=\"lazy\" srcset=\"https:\/\/linitiative.ca\/International\/wp-content\/uploads\/sites\/23\/2022\/01\/location.jpeg 1000w, https:\/\/www.challenge.ma\/wp-content\/uploads\/2022\/01\/location-300x160.jpeg 300w, https:\/\/www.challenge.ma\/wp-content\/uploads\/2022\/01\/location-768x409.jpeg 768w, https:\/\/www.challenge.ma\/wp-content\/uploads\/2022\/01\/location-360x192.jpeg 360w, https:\/\/www.challenge.ma\/wp-content\/uploads\/2022\/01\/location-750x400.jpeg 750w\" sizes=\"auto, (max-width: 1000px) 100vw, 1000px\" itemprop=\"image\">Face \u00e0 la crise que vit le secteur \u00e0 cause de la pand\u00e9mie, la tutelle et les professionnels du secteur de la location de voitures se mobilisent. Ainsi, le ministre du Transport et de la Logistique, Mohammed Abdeljalil, a pr\u00e9sid\u00e9, le 7 janvier, une r\u00e9union par visioconf\u00e9rence avec les repr\u00e9sentations<\/div>\n<p>Auteur: challenge<br \/>\n<a href=\"https:\/\/www.challenge.ma\/location-de-voitures-la-tutelle-et-les-professionnels-examinent-les-mesures-de-sortie-de-crise-230289\/\">Cliquez ici pour lire l&rsquo;article depuis sa source.<\/a><\/p>\n","protected":false},"excerpt":{"rendered":"<p>Face \u00e0 la crise que vit le secteur \u00e0 cause de la pand\u00e9mie, la tutelle et les professionnels du secteur de la location de voitures se mobilisent. Ainsi, le ministre du Transport et de la Logistique, Mohammed Abdeljalil, a pr\u00e9sid\u00e9, le 7 janvier, une r\u00e9union par visioconf\u00e9rence avec les repr\u00e9sentations Auteur: challenge Cliquez ici pour [&hellip;]<\/p>\n","protected":false},"author":1787,"featured_media":0,"comment_status":"closed","ping_status":"closed","sticky":false,"template":"","format":"standard","meta":{"fifu_image_url":"https:\/\/www.challenge.ma\/wp-content\/uploads\/2022\/01\/location.jpeg","fifu_image_alt":"Location de voitures. La tutelle et les professionnels examinent les mesures de sortie de crise","footnotes":""},"categories":[78,54],"tags":[],"class_list":["post-137943","post","type-post","status-publish","format-standard","hentry","category-economie","category-maroc"],"_links":{"self":[{"href":"https:\/\/linitiative.ca\/International\/wp-json\/wp\/v2\/posts\/137943","targetHints":{"allow":["GET"]}}],"collection":[{"href":"https:\/\/linitiative.ca\/International\/wp-json\/wp\/v2\/posts"}],"about":[{"href":"https:\/\/linitiative.ca\/International\/wp-json\/wp\/v2\/types\/post"}],"author":[{"embeddable":true,"href":"https:\/\/linitiative.ca\/International\/wp-json\/wp\/v2\/users\/1787"}],"replies":[{"embeddable":true,"href":"https:\/\/linitiative.ca\/International\/wp-json\/wp\/v2\/comments?post=137943"}],"version-history":[{"count":0,"href":"https:\/\/linitiative.ca\/International\/wp-json\/wp\/v2\/posts\/137943\/revisions"}],"wp:attachment":[{"href":"https:\/\/linitiative.ca\/International\/wp-json\/wp\/v2\/media?parent=137943"}],"wp:term":[{"taxonomy":"category","embeddable":true,"href":"https:\/\/linitiative.ca\/International\/wp-json\/wp\/v2\/categories?post=137943"},{"taxonomy":"post_tag","embeddable":true,"href":"https:\/\/linitiative.ca\/International\/wp-json\/wp\/v2\/tags?post=137943"}],"curies":[{"name":"wp","href":"https:\/\/api.w.org\/{rel}","templated":true}]}}