{"id":137949,"date":"2022-01-07T14:53:26","date_gmt":"2022-01-07T19:53:26","guid":{"rendered":"https:\/\/linitiative.ca\/International\/taqa-maroc-voici-les-nouvelles-nominations-au-directoire\/"},"modified":"2022-01-07T14:53:26","modified_gmt":"2022-01-07T19:53:26","slug":"taqa-maroc-voici-les-nouvelles-nominations-au-directoire","status":"publish","type":"post","link":"https:\/\/linitiative.ca\/International\/taqa-maroc-voici-les-nouvelles-nominations-au-directoire\/","title":{"rendered":"Taqa Maroc. Voici les nouvelles nominations au directoire"},"content":{"rendered":"<div><img decoding=\"async\" width=\"342\" height=\"179\" src=\"https:\/\/linitiative.ca\/International\/wp-content\/uploads\/sites\/23\/2022\/01\/centrale-thermique_m.jpeg\" class=\"attachment-post-thumbnail size-post-thumbnail wp-post-image\" alt=\"\" loading=\"lazy\" srcset=\"https:\/\/linitiative.ca\/International\/wp-content\/uploads\/sites\/23\/2022\/01\/centrale-thermique_m.jpeg 342w, https:\/\/www.challenge.ma\/wp-content\/uploads\/2022\/01\/centrale-thermique_m-300x157.jpeg 300w\" sizes=\"auto, (max-width: 342px) 100vw, 342px\" itemprop=\"image\">Avec l\u2019arriv\u00e9e \u00e0 terme du mandat des membres du directoire de Taqa Maroc le 22 d\u00e9cembre, le conseil de surveillance a d\u00e9cid\u00e9 de renouveler le mandat des membres pour une dur\u00e9e de six ans. Monsieur Omar Alaoui M\u2019hamdi gardera ses fonctions de Directeur G\u00e9n\u00e9ral Adjoint et Directeur du p\u00f4le finance<\/div>\n<p>Auteur: Azeroual Siham<br \/>\n<a href=\"https:\/\/www.challenge.ma\/taqa-maroc-voici-les-nouvelles-nominations-au-directoire-230339\/\">Cliquez ici pour lire l&rsquo;article depuis sa source.<\/a><\/p>\n","protected":false},"excerpt":{"rendered":"<p>Avec l\u2019arriv\u00e9e \u00e0 terme du mandat des membres du directoire de Taqa Maroc le 22 d\u00e9cembre, le conseil de surveillance a d\u00e9cid\u00e9 de renouveler le mandat des membres pour une dur\u00e9e de six ans. Monsieur Omar Alaoui M\u2019hamdi gardera ses fonctions de Directeur G\u00e9n\u00e9ral Adjoint et Directeur du p\u00f4le finance Auteur: Azeroual Siham Cliquez ici [&hellip;]<\/p>\n","protected":false},"author":1787,"featured_media":0,"comment_status":"closed","ping_status":"closed","sticky":false,"template":"","format":"standard","meta":{"fifu_image_url":"https:\/\/www.challenge.ma\/wp-content\/uploads\/2022\/01\/centrale-thermique_m.jpeg","fifu_image_alt":"Taqa Maroc. Voici les nouvelles nominations au directoire","footnotes":""},"categories":[78,54],"tags":[],"class_list":["post-137949","post","type-post","status-publish","format-standard","hentry","category-economie","category-maroc"],"_links":{"self":[{"href":"https:\/\/linitiative.ca\/International\/wp-json\/wp\/v2\/posts\/137949","targetHints":{"allow":["GET"]}}],"collection":[{"href":"https:\/\/linitiative.ca\/International\/wp-json\/wp\/v2\/posts"}],"about":[{"href":"https:\/\/linitiative.ca\/International\/wp-json\/wp\/v2\/types\/post"}],"author":[{"embeddable":true,"href":"https:\/\/linitiative.ca\/International\/wp-json\/wp\/v2\/users\/1787"}],"replies":[{"embeddable":true,"href":"https:\/\/linitiative.ca\/International\/wp-json\/wp\/v2\/comments?post=137949"}],"version-history":[{"count":0,"href":"https:\/\/linitiative.ca\/International\/wp-json\/wp\/v2\/posts\/137949\/revisions"}],"wp:attachment":[{"href":"https:\/\/linitiative.ca\/International\/wp-json\/wp\/v2\/media?parent=137949"}],"wp:term":[{"taxonomy":"category","embeddable":true,"href":"https:\/\/linitiative.ca\/International\/wp-json\/wp\/v2\/categories?post=137949"},{"taxonomy":"post_tag","embeddable":true,"href":"https:\/\/linitiative.ca\/International\/wp-json\/wp\/v2\/tags?post=137949"}],"curies":[{"name":"wp","href":"https:\/\/api.w.org\/{rel}","templated":true}]}}