{"id":137951,"date":"2022-01-07T15:36:23","date_gmt":"2022-01-07T20:36:23","guid":{"rendered":"https:\/\/linitiative.ca\/International\/officiel-le-zimbabwe-sera-bien-autorise-a-disputer-la-can-2021\/"},"modified":"2022-01-07T15:36:23","modified_gmt":"2022-01-07T20:36:23","slug":"officiel-le-zimbabwe-sera-bien-autorise-a-disputer-la-can-2021","status":"publish","type":"post","link":"https:\/\/linitiative.ca\/International\/officiel-le-zimbabwe-sera-bien-autorise-a-disputer-la-can-2021\/","title":{"rendered":"Officiel. Le Zimbabwe sera bien autoris\u00e9 \u00e0 disputer la CAN 2021"},"content":{"rendered":"<div>\n<p>C\u2019est officiel. La CAF vient de valider la participation de la s\u00e9lection du Zimbabwe \u00e0 cette CAN, et ce, malgr\u00e9 la suspension de la f\u00e9d\u00e9ration. Certes, toutes les accr\u00e9ditations seront refus\u00e9es pour les membres de la f\u00e9d\u00e9ration nomm\u00e9s par le gouvernement du Zimbabwe. Parmi les autres d\u00e9cisions de la r\u00e9union de la CAF, on note [\u2026]<\/p>\n<p>L\u2019article <a href=\"https:\/\/sport.tunisienumerique.com\/officiel-le-zimbabwe-sera-bien-autorise-a-disputer-la-can-2021\/\">Officiel. Le Zimbabwe sera bien autoris\u00e9 \u00e0 disputer la CAN 2021<\/a> est apparu en premier sur <a href=\"https:\/\/www.tunisienumerique.com\/\">Tunisie<\/a>.<\/p>\n<\/div>\n<p>Auteur: Hamza Ben Khlifa<br \/>\n<a href=\"https:\/\/sport.tunisienumerique.com\/officiel-le-zimbabwe-sera-bien-autorise-a-disputer-la-can-2021\/\">Cliquez ici pour lire l&rsquo;article depuis sa source.<\/a><\/p>\n","protected":false},"excerpt":{"rendered":"<p>C\u2019est officiel. La CAF vient de valider la participation de la s\u00e9lection du Zimbabwe \u00e0 cette CAN, et ce, malgr\u00e9 la suspension de la f\u00e9d\u00e9ration. Certes, toutes les accr\u00e9ditations seront refus\u00e9es pour les membres de la f\u00e9d\u00e9ration nomm\u00e9s par le gouvernement du Zimbabwe. Parmi les autres d\u00e9cisions de la r\u00e9union de la CAF, on note [&hellip;]<\/p>\n","protected":false},"author":1789,"featured_media":0,"comment_status":"closed","ping_status":"closed","sticky":false,"template":"","format":"standard","meta":{"fifu_image_url":"","fifu_image_alt":"","footnotes":""},"categories":[73,55],"tags":[],"class_list":["post-137951","post","type-post","status-publish","format-standard","hentry","category-actualite","category-tunisie"],"_links":{"self":[{"href":"https:\/\/linitiative.ca\/International\/wp-json\/wp\/v2\/posts\/137951","targetHints":{"allow":["GET"]}}],"collection":[{"href":"https:\/\/linitiative.ca\/International\/wp-json\/wp\/v2\/posts"}],"about":[{"href":"https:\/\/linitiative.ca\/International\/wp-json\/wp\/v2\/types\/post"}],"author":[{"embeddable":true,"href":"https:\/\/linitiative.ca\/International\/wp-json\/wp\/v2\/users\/1789"}],"replies":[{"embeddable":true,"href":"https:\/\/linitiative.ca\/International\/wp-json\/wp\/v2\/comments?post=137951"}],"version-history":[{"count":0,"href":"https:\/\/linitiative.ca\/International\/wp-json\/wp\/v2\/posts\/137951\/revisions"}],"wp:attachment":[{"href":"https:\/\/linitiative.ca\/International\/wp-json\/wp\/v2\/media?parent=137951"}],"wp:term":[{"taxonomy":"category","embeddable":true,"href":"https:\/\/linitiative.ca\/International\/wp-json\/wp\/v2\/categories?post=137951"},{"taxonomy":"post_tag","embeddable":true,"href":"https:\/\/linitiative.ca\/International\/wp-json\/wp\/v2\/tags?post=137951"}],"curies":[{"name":"wp","href":"https:\/\/api.w.org\/{rel}","templated":true}]}}