{"id":137952,"date":"2022-01-07T15:57:56","date_gmt":"2022-01-07T20:57:56","guid":{"rendered":"https:\/\/linitiative.ca\/International\/tunisie-abir-moussi-video-ils-ont-dechire-notre-tente-de-sit-in\/"},"modified":"2022-01-07T15:57:56","modified_gmt":"2022-01-07T20:57:56","slug":"tunisie-abir-moussi-video-ils-ont-dechire-notre-tente-de-sit-in","status":"publish","type":"post","link":"https:\/\/linitiative.ca\/International\/tunisie-abir-moussi-video-ils-ont-dechire-notre-tente-de-sit-in\/","title":{"rendered":"Tunisie-Abir Moussi [VIDEO] : \u00ab Ils ont d\u00e9chir\u00e9 notre tente de sit-in !\u00bb"},"content":{"rendered":"<div>\n<p>La Cheffe du Parti Destourien Libre, Mme. Abir Moussi a indiqu\u00e9 dans une vid\u00e9o diffus\u00e9e ce soir sur sa page, que les forces de l\u2019ordre ont d\u00e9chir\u00e9 sa tente de manifestation et agress\u00e9 les sitinneurs. Mme. Moussi a affirm\u00e9 que la Maire de Tunis lui a autoris\u00e9e suite \u00e0 une demande, l\u2019installation d\u2019une tente. Ajoutant [\u2026]<\/p>\n<p>L\u2019article <a href=\"https:\/\/www.tunisienumerique.com\/tunisie-abir-moussi-video-ils-ont-dechire-notre-tente-de-sit-in\/\">Tunisie-Abir Moussi [VIDEO] : \u00ab Ils ont d\u00e9chir\u00e9 notre tente de sit-in !\u00bb<\/a> est apparu en premier sur <a href=\"https:\/\/www.tunisienumerique.com\/\">Tunisie<\/a>.<\/p>\n<\/div>\n<p>Auteur: rania ben slimane<br \/>\n<a href=\"https:\/\/www.tunisienumerique.com\/tunisie-abir-moussi-video-ils-ont-dechire-notre-tente-de-sit-in\/\">Cliquez ici pour lire l&rsquo;article depuis sa source.<\/a><\/p>\n","protected":false},"excerpt":{"rendered":"<p>La Cheffe du Parti Destourien Libre, Mme. Abir Moussi a indiqu\u00e9 dans une vid\u00e9o diffus\u00e9e ce soir sur sa page, que les forces de l\u2019ordre ont d\u00e9chir\u00e9 sa tente de manifestation et agress\u00e9 les sitinneurs. Mme. Moussi a affirm\u00e9 que la Maire de Tunis lui a autoris\u00e9e suite \u00e0 une demande, l\u2019installation d\u2019une tente. Ajoutant [&hellip;]<\/p>\n","protected":false},"author":1789,"featured_media":0,"comment_status":"closed","ping_status":"closed","sticky":false,"template":"","format":"standard","meta":{"fifu_image_url":"","fifu_image_alt":"","footnotes":""},"categories":[73,55],"tags":[],"class_list":["post-137952","post","type-post","status-publish","format-standard","hentry","category-actualite","category-tunisie"],"_links":{"self":[{"href":"https:\/\/linitiative.ca\/International\/wp-json\/wp\/v2\/posts\/137952","targetHints":{"allow":["GET"]}}],"collection":[{"href":"https:\/\/linitiative.ca\/International\/wp-json\/wp\/v2\/posts"}],"about":[{"href":"https:\/\/linitiative.ca\/International\/wp-json\/wp\/v2\/types\/post"}],"author":[{"embeddable":true,"href":"https:\/\/linitiative.ca\/International\/wp-json\/wp\/v2\/users\/1789"}],"replies":[{"embeddable":true,"href":"https:\/\/linitiative.ca\/International\/wp-json\/wp\/v2\/comments?post=137952"}],"version-history":[{"count":0,"href":"https:\/\/linitiative.ca\/International\/wp-json\/wp\/v2\/posts\/137952\/revisions"}],"wp:attachment":[{"href":"https:\/\/linitiative.ca\/International\/wp-json\/wp\/v2\/media?parent=137952"}],"wp:term":[{"taxonomy":"category","embeddable":true,"href":"https:\/\/linitiative.ca\/International\/wp-json\/wp\/v2\/categories?post=137952"},{"taxonomy":"post_tag","embeddable":true,"href":"https:\/\/linitiative.ca\/International\/wp-json\/wp\/v2\/tags?post=137952"}],"curies":[{"name":"wp","href":"https:\/\/api.w.org\/{rel}","templated":true}]}}