{"id":137953,"date":"2022-01-07T15:59:29","date_gmt":"2022-01-07T20:59:29","guid":{"rendered":"https:\/\/linitiative.ca\/International\/tunisie-korba-un-enseignant-tabasse-dans-la-salle-des-profs-par-un-eleve-de-7eme-annee\/"},"modified":"2022-01-07T15:59:29","modified_gmt":"2022-01-07T20:59:29","slug":"tunisie-korba-un-enseignant-tabasse-dans-la-salle-des-profs-par-un-eleve-de-7eme-annee","status":"publish","type":"post","link":"https:\/\/linitiative.ca\/International\/tunisie-korba-un-enseignant-tabasse-dans-la-salle-des-profs-par-un-eleve-de-7eme-annee\/","title":{"rendered":"Tunisie \u2013 Korba\u00a0: Un enseignant tabass\u00e9 dans la salle des profs par un \u00e9l\u00e8ve de 7\u00e8me ann\u00e9e"},"content":{"rendered":"<div>\n<p>Un \u00e9l\u00e8ve inscrit en septi\u00e8me ann\u00e9e de base, au coll\u00e8ge de l\u2019Avenue Bourguiba \u00e0 Korba, a violent\u00e9 et frapp\u00e9 son professeur, \u00e0 l\u2019int\u00e9rieur de la salle des profs, parce que ce dernier l\u2019ait r\u00e9primand\u00e9 apr\u00e8s avoir harcel\u00e9 sexuellement sa camarade, en l\u2019embrassant par la force. Les enseignants ont port\u00e9 plainte contre l\u2019\u00e9l\u00e8ve qui a \u00e9t\u00e9 [\u2026]<\/p>\n<p>L\u2019article <a href=\"https:\/\/www.tunisienumerique.com\/tunisie-korba-un-enseignant-tabasse-dans-la-salle-des-profs-par-un-eleve-de-7eme-annee\/\">Tunisie \u2013 Korba\u00a0: Un enseignant tabass\u00e9 dans la salle des profs par un \u00e9l\u00e8ve de 7\u00e8me ann\u00e9e<\/a> est apparu en premier sur <a href=\"https:\/\/www.tunisienumerique.com\/\">Tunisie<\/a>.<\/p>\n<\/div>\n<p>Auteur: LM<br \/>\n<a href=\"https:\/\/www.tunisienumerique.com\/tunisie-korba-un-enseignant-tabasse-dans-la-salle-des-profs-par-un-eleve-de-7eme-annee\/\">Cliquez ici pour lire l&rsquo;article depuis sa source.<\/a><\/p>\n","protected":false},"excerpt":{"rendered":"<p>Un \u00e9l\u00e8ve inscrit en septi\u00e8me ann\u00e9e de base, au coll\u00e8ge de l\u2019Avenue Bourguiba \u00e0 Korba, a violent\u00e9 et frapp\u00e9 son professeur, \u00e0 l\u2019int\u00e9rieur de la salle des profs, parce que ce dernier l\u2019ait r\u00e9primand\u00e9 apr\u00e8s avoir harcel\u00e9 sexuellement sa camarade, en l\u2019embrassant par la force. Les enseignants ont port\u00e9 plainte contre l\u2019\u00e9l\u00e8ve qui a \u00e9t\u00e9 [&hellip;]<\/p>\n","protected":false},"author":1789,"featured_media":0,"comment_status":"closed","ping_status":"closed","sticky":false,"template":"","format":"standard","meta":{"fifu_image_url":"","fifu_image_alt":"","footnotes":""},"categories":[73,55],"tags":[],"class_list":["post-137953","post","type-post","status-publish","format-standard","hentry","category-actualite","category-tunisie"],"_links":{"self":[{"href":"https:\/\/linitiative.ca\/International\/wp-json\/wp\/v2\/posts\/137953","targetHints":{"allow":["GET"]}}],"collection":[{"href":"https:\/\/linitiative.ca\/International\/wp-json\/wp\/v2\/posts"}],"about":[{"href":"https:\/\/linitiative.ca\/International\/wp-json\/wp\/v2\/types\/post"}],"author":[{"embeddable":true,"href":"https:\/\/linitiative.ca\/International\/wp-json\/wp\/v2\/users\/1789"}],"replies":[{"embeddable":true,"href":"https:\/\/linitiative.ca\/International\/wp-json\/wp\/v2\/comments?post=137953"}],"version-history":[{"count":0,"href":"https:\/\/linitiative.ca\/International\/wp-json\/wp\/v2\/posts\/137953\/revisions"}],"wp:attachment":[{"href":"https:\/\/linitiative.ca\/International\/wp-json\/wp\/v2\/media?parent=137953"}],"wp:term":[{"taxonomy":"category","embeddable":true,"href":"https:\/\/linitiative.ca\/International\/wp-json\/wp\/v2\/categories?post=137953"},{"taxonomy":"post_tag","embeddable":true,"href":"https:\/\/linitiative.ca\/International\/wp-json\/wp\/v2\/tags?post=137953"}],"curies":[{"name":"wp","href":"https:\/\/api.w.org\/{rel}","templated":true}]}}