{"id":137954,"date":"2022-01-07T16:17:19","date_gmt":"2022-01-07T21:17:19","guid":{"rendered":"https:\/\/linitiative.ca\/International\/tunisie-images-le-ministere-de-linterieur-lance-un-programme-de-securisation-des-etablissements-scolaires\/"},"modified":"2022-01-07T16:17:19","modified_gmt":"2022-01-07T21:17:19","slug":"tunisie-images-le-ministere-de-linterieur-lance-un-programme-de-securisation-des-etablissements-scolaires","status":"publish","type":"post","link":"https:\/\/linitiative.ca\/International\/tunisie-images-le-ministere-de-linterieur-lance-un-programme-de-securisation-des-etablissements-scolaires\/","title":{"rendered":"Tunisie \u2013 IMAGES\u00a0: Le minist\u00e8re de l\u2019int\u00e9rieur lance un programme de s\u00e9curisation des \u00e9tablissements scolaires"},"content":{"rendered":"<div>\n<p>Suite \u00e0 la d\u00e9t\u00e9rioration de la situation s\u00e9curitaire dans les environnements des \u00e9tablissements scolaires, avec l\u2019aggravation de plusieurs ph\u00e9nom\u00e8nes de d\u00e9linquance, comme la violence, les agressions arm\u00e9es, les braquages, le trafic de drogues\u2026 les services du minist\u00e8re de l\u2019int\u00e9rieur ont d\u00e9cid\u00e9 de lancer un programme national pour la s\u00e9curisation des pourtours de ces \u00e9tablissements. Le [\u2026]<\/p>\n<p>L\u2019article <a href=\"https:\/\/www.tunisienumerique.com\/tunisie-images-le-ministere-de-linterieur-lance-un-programme-de-securisation-des-etablissements-scolaires\/\">Tunisie \u2013 IMAGES\u00a0: Le minist\u00e8re de l\u2019int\u00e9rieur lance un programme de s\u00e9curisation des \u00e9tablissements scolaires<\/a> est apparu en premier sur <a href=\"https:\/\/www.tunisienumerique.com\/\">Tunisie<\/a>.<\/p>\n<\/div>\n<p>Auteur: LM<br \/>\n<a href=\"https:\/\/www.tunisienumerique.com\/tunisie-images-le-ministere-de-linterieur-lance-un-programme-de-securisation-des-etablissements-scolaires\/\">Cliquez ici pour lire l&rsquo;article depuis sa source.<\/a><\/p>\n","protected":false},"excerpt":{"rendered":"<p>Suite \u00e0 la d\u00e9t\u00e9rioration de la situation s\u00e9curitaire dans les environnements des \u00e9tablissements scolaires, avec l\u2019aggravation de plusieurs ph\u00e9nom\u00e8nes de d\u00e9linquance, comme la violence, les agressions arm\u00e9es, les braquages, le trafic de drogues\u2026 les services du minist\u00e8re de l\u2019int\u00e9rieur ont d\u00e9cid\u00e9 de lancer un programme national pour la s\u00e9curisation des pourtours de ces \u00e9tablissements. Le [&hellip;]<\/p>\n","protected":false},"author":1789,"featured_media":0,"comment_status":"closed","ping_status":"closed","sticky":false,"template":"","format":"standard","meta":{"fifu_image_url":"","fifu_image_alt":"","footnotes":""},"categories":[73,55],"tags":[],"class_list":["post-137954","post","type-post","status-publish","format-standard","hentry","category-actualite","category-tunisie"],"_links":{"self":[{"href":"https:\/\/linitiative.ca\/International\/wp-json\/wp\/v2\/posts\/137954","targetHints":{"allow":["GET"]}}],"collection":[{"href":"https:\/\/linitiative.ca\/International\/wp-json\/wp\/v2\/posts"}],"about":[{"href":"https:\/\/linitiative.ca\/International\/wp-json\/wp\/v2\/types\/post"}],"author":[{"embeddable":true,"href":"https:\/\/linitiative.ca\/International\/wp-json\/wp\/v2\/users\/1789"}],"replies":[{"embeddable":true,"href":"https:\/\/linitiative.ca\/International\/wp-json\/wp\/v2\/comments?post=137954"}],"version-history":[{"count":0,"href":"https:\/\/linitiative.ca\/International\/wp-json\/wp\/v2\/posts\/137954\/revisions"}],"wp:attachment":[{"href":"https:\/\/linitiative.ca\/International\/wp-json\/wp\/v2\/media?parent=137954"}],"wp:term":[{"taxonomy":"category","embeddable":true,"href":"https:\/\/linitiative.ca\/International\/wp-json\/wp\/v2\/categories?post=137954"},{"taxonomy":"post_tag","embeddable":true,"href":"https:\/\/linitiative.ca\/International\/wp-json\/wp\/v2\/tags?post=137954"}],"curies":[{"name":"wp","href":"https:\/\/api.w.org\/{rel}","templated":true}]}}