{"id":137956,"date":"2022-01-06T18:35:03","date_gmt":"2022-01-06T23:35:03","guid":{"rendered":"https:\/\/linitiative.ca\/International\/mission-consulaire-a-bissau-et-dakar-plus-de-1500-enrolements-effectues\/"},"modified":"2022-01-06T18:35:03","modified_gmt":"2022-01-06T23:35:03","slug":"mission-consulaire-a-bissau-et-dakar-plus-de-1500-enrolements-effectues","status":"publish","type":"post","link":"https:\/\/linitiative.ca\/International\/mission-consulaire-a-bissau-et-dakar-plus-de-1500-enrolements-effectues\/","title":{"rendered":"Mission consulaire \u00e0 Bissau et Dakar : Plus de 1500 enr\u00f4lements effectu\u00e9s"},"content":{"rendered":"<div>\n<p><strong>Une mission consulaire a s\u00e9journ\u00e9 \u00e0 Dakar du 19 au 23 d\u00e9cembre 2021 pour d\u00e9livrer aux ressortissants burkinab\u00e8 vivant au S\u00e9n\u00e9gal, des documents administratifs, notamment des actes d\u2019\u00e9tat civil, des cartes nationales d\u2019identit\u00e9 burkinab\u00e8, des casiers judiciaires, des jugements suppl\u00e9tifs d\u2019actes de naissance. La mission a \u00e9galement enregistr\u00e9 des demandes de passeports ordinaires et de carnets CEDEAO. Compos\u00e9e de repr\u00e9sentants des minist\u00e8res en charge des affaires \u00e9trang\u00e8res, de la justice, de l\u2019administration territoriale et de la s\u00e9curit\u00e9, cette mission interminist\u00e9rielle a d\u2019abord s\u00e9journ\u00e9, du 14 au 18 d\u00e9cembre, \u00e0 Bissau pour d\u00e9livrer les m\u00eames actes aux ressortissants burkinab\u00e8 en Guin\u00e9e-Bissau. <\/strong><\/p>\n<p>Au terme de cette mission \u00e0 Dakar et \u00e0 Bissau, ce sont plus de 1500 enr\u00f4lements qui ont \u00e9t\u00e9 effectu\u00e9s pour la d\u00e9livrance de documents administratifs. Le Coordonnateur de la mission, Th\u00e9ophile Gu\u00e9r\u00e9 a exprim\u00e9 toute sa satisfaction pour le bon d\u00e9roulement des activit\u00e9s et pour la mobilisation aussi bien de toute l\u2019\u00e9quipe de l\u2019Ambassade que de la communaut\u00e9 burkinab\u00e8.<\/p>\n<p>L\u2019enceinte de l\u2019Ambassade n\u2019a pas d\u00e9sempli durant ces cinq jours d\u2019enr\u00f4lement. Pour le Coordonnateur, la satisfaction de tous les membres de la mission est d\u2019autant plus grande qu\u2019ils ont contribu\u00e9 \u00e0 r\u00e9soudre des pr\u00e9occupations de compatriotes. Le r\u00f4le de la diplomatie, a-t-il fait remarquer, c\u2019est aussi de faciliter le s\u00e9jour des compatriotes \u00e0 l\u2019\u00e9tranger et de faire en sorte qu\u2019ils soient bien prot\u00e9g\u00e9s afin qu\u2019ils puissent exercer leurs activit\u00e9s dans la s\u00e9r\u00e9nit\u00e9 et contribuer au d\u00e9veloppement du pays.<\/p>\n<p>L\u2019Ambassadeur Jacob Ou\u00e9draogo a, lui \u00e9galement, exprim\u00e9 sa satisfaction face aux r\u00e9sultats obtenus et salu\u00e9 tous les membres de la d\u00e9l\u00e9gation qui n\u2019ont pas eu de r\u00e9pit depuis leur arriv\u00e9e \u00e0 Bissau jusqu\u2019\u00e0 leur d\u00e9part de Dakar. Il a traduit toute sa reconnaissance au Gouvernement qui, malgr\u00e9 le contexte difficile que traverse le pays, a pu permettre la r\u00e9alisation de cette activit\u00e9 au profit des Burkinab\u00e8 de l\u2019ext\u00e9rieur.<\/p>\n<p>Pour Jacob Ou\u00e9draogo, on ne peut pas imaginer combien cette mission a pu enlever des fardeaux des \u00e9paules de certains compatriotes. Selon l\u2019Ambassadeur, avec la fermeture des fronti\u00e8res dans le contexte de la COVID-19, beaucoup de nos ressortissants n\u2019ont pas pu se d\u00e9placer pour renouveler leurs documents administratifs ou se faire \u00e9tablir de nouvelles pi\u00e8ces.<\/p>\n<p>Daouda Ou\u00e9draogo, un ressortissant burkinab\u00e8 r\u00e9sidant \u00e0 Dakar venu assister son \u00e9pouse pour l\u2019\u00e9tablissement de sa CNIB a abond\u00e9 dans le m\u00eame sens en notant que le seul d\u00e9placement a\u00e9rien qui \u00e9tait possible dans le contexte de la fermeture des fronti\u00e8res n\u2019est pas \u00e0 la port\u00e9e de tous.<\/p>\n<p>Tout en insistant sur l\u2019utilit\u00e9 des missions consulaires pour des personnes loin de leur pays, ce ressortissant burkinab\u00e8 a \u00e9t\u00e9 touch\u00e9 par le cas d\u2019un chef de famille venu avec tous ses enfants dont aucun ne disposait d\u2019une pi\u00e8ce burkinab\u00e8. Pour lui, le risque est de voir des enfants du Faso perdre \u00ab leur identit\u00e9 burkinab\u00e8 \u00bb \u00e0 cause des difficult\u00e9s \u00e0 se procurer des pi\u00e8ces nationales.<\/p>\n<p>L\u2019engouement enregistr\u00e9 lors de cette mission consulaire \u00e0 Bissau et \u00e0 Dakar constitue pour l\u2019Ambassadeur un motif d\u2019encouragement qui invite \u00e0 la poursuite de l\u2019op\u00e9ration lorsque les conditions seront de nouveau r\u00e9unies. Les pays relevant de la juridiction de l\u2019Ambassade du Burkina Faso \u00e0 Dakar sont : le S\u00e9n\u00e9gal, le Cabo Verde, la Gambie, la Guin\u00e9e-Bissau et la Mauritanie.<\/p>\n<p style=\"text-align: right\"><strong>Ambassade du Burkina Faso \u00e0 Dakar <\/strong><\/p>\n<p>L\u2019article <a rel=\"nofollow\" href=\"https:\/\/www.sidwaya.info\/blog\/2022\/01\/06\/mission-consulaire-a-bissau-et-dakar-plus-de-1500-enrolements-effectues\/\">Mission consulaire \u00e0 Bissau et Dakar : Plus de 1500 enr\u00f4lements effectu\u00e9s<\/a> est apparu en premier sur <a rel=\"nofollow\" href=\"https:\/\/www.sidwaya.info\/\">Quotidien Sidwaya<\/a>.<\/p>\n<\/div>\n<p>Auteur: JK. Sidwaya<br \/>\n<a href=\"https:\/\/www.sidwaya.info\/blog\/2022\/01\/06\/mission-consulaire-a-bissau-et-dakar-plus-de-1500-enrolements-effectues\/?utm_source=rss&#038;utm_medium=rss&#038;utm_campaign=mission-consulaire-a-bissau-et-dakar-plus-de-1500-enrolements-effectues\">Cliquez ici pour lire l&rsquo;article depuis sa source.<\/a><\/p>\n","protected":false},"excerpt":{"rendered":"<p>Une mission consulaire a s\u00e9journ\u00e9 \u00e0 Dakar du 19 au 23 d\u00e9cembre 2021 pour d\u00e9livrer aux ressortissants burkinab\u00e8 vivant au S\u00e9n\u00e9gal, des documents administratifs, notamment des actes d\u2019\u00e9tat civil, des cartes nationales d\u2019identit\u00e9 burkinab\u00e8, des casiers judiciaires, des jugements suppl\u00e9tifs d\u2019actes de naissance. La mission a \u00e9galement enregistr\u00e9 des demandes de passeports ordinaires et de [&hellip;]<\/p>\n","protected":false},"author":1816,"featured_media":0,"comment_status":"closed","ping_status":"closed","sticky":false,"template":"","format":"standard","meta":{"fifu_image_url":"","fifu_image_alt":"","footnotes":""},"categories":[73,81],"tags":[],"class_list":["post-137956","post","type-post","status-publish","format-standard","hentry","category-actualite","category-burkina-faso"],"_links":{"self":[{"href":"https:\/\/linitiative.ca\/International\/wp-json\/wp\/v2\/posts\/137956","targetHints":{"allow":["GET"]}}],"collection":[{"href":"https:\/\/linitiative.ca\/International\/wp-json\/wp\/v2\/posts"}],"about":[{"href":"https:\/\/linitiative.ca\/International\/wp-json\/wp\/v2\/types\/post"}],"author":[{"embeddable":true,"href":"https:\/\/linitiative.ca\/International\/wp-json\/wp\/v2\/users\/1816"}],"replies":[{"embeddable":true,"href":"https:\/\/linitiative.ca\/International\/wp-json\/wp\/v2\/comments?post=137956"}],"version-history":[{"count":0,"href":"https:\/\/linitiative.ca\/International\/wp-json\/wp\/v2\/posts\/137956\/revisions"}],"wp:attachment":[{"href":"https:\/\/linitiative.ca\/International\/wp-json\/wp\/v2\/media?parent=137956"}],"wp:term":[{"taxonomy":"category","embeddable":true,"href":"https:\/\/linitiative.ca\/International\/wp-json\/wp\/v2\/categories?post=137956"},{"taxonomy":"post_tag","embeddable":true,"href":"https:\/\/linitiative.ca\/International\/wp-json\/wp\/v2\/tags?post=137956"}],"curies":[{"name":"wp","href":"https:\/\/api.w.org\/{rel}","templated":true}]}}