{"id":137963,"date":"2022-01-07T09:00:47","date_gmt":"2022-01-07T14:00:47","guid":{"rendered":"https:\/\/linitiative.ca\/International\/lassina-zerbo-a-lassemblee-nationale-lintegralite-de-la-declaration-de-politique-generale\/"},"modified":"2022-01-07T09:00:47","modified_gmt":"2022-01-07T14:00:47","slug":"lassina-zerbo-a-lassemblee-nationale-lintegralite-de-la-declaration-de-politique-generale","status":"publish","type":"post","link":"https:\/\/linitiative.ca\/International\/lassina-zerbo-a-lassemblee-nationale-lintegralite-de-la-declaration-de-politique-generale\/","title":{"rendered":"Lassina Zerbo \u00e0 l\u2019Assembl\u00e9e Nationale: L\u2019int\u00e9gralit\u00e9 de la D\u00e9claration de Politique G\u00e9n\u00e9rale"},"content":{"rendered":"<div>\n<p>Lire l\u2019int\u00e9gralit\u00e9 de la d\u00e9claration de politique g\u00e9n\u00e9rale\u00a0 du Premier ministre Lassina Zerbo<\/p>\n<p><a href=\"https:\/\/www.sidwaya.info\/wp-content\/uploads\/2022\/01\/DPG_SEM_Lassina_ZERBO_20220107.pdf\">DPG_SEM_Lassina_ZERBO_20220107<\/a><\/p>\n<p>L\u2019article <a rel=\"nofollow\" href=\"https:\/\/www.sidwaya.info\/blog\/2022\/01\/07\/lassina-zerbo-a-lassemblee-nationale-lintegralite-de-la-declaration-de-politique-generale\/\">Lassina Zerbo \u00e0 l\u2019Assembl\u00e9e Nationale: L\u2019int\u00e9gralit\u00e9 de la D\u00e9claration de Politique G\u00e9n\u00e9rale<\/a> est apparu en premier sur <a rel=\"nofollow\" href=\"https:\/\/www.sidwaya.info\/\">Quotidien Sidwaya<\/a>.<\/p>\n<\/div>\n<p>Auteur: BS. Sidwaya<br \/>\n<a href=\"https:\/\/www.sidwaya.info\/blog\/2022\/01\/07\/lassina-zerbo-a-lassemblee-nationale-lintegralite-de-la-declaration-de-politique-generale\/?utm_source=rss&#038;utm_medium=rss&#038;utm_campaign=lassina-zerbo-a-lassemblee-nationale-lintegralite-de-la-declaration-de-politique-generale\">Cliquez ici pour lire l&rsquo;article depuis sa source.<\/a><\/p>\n","protected":false},"excerpt":{"rendered":"<p>Lire l\u2019int\u00e9gralit\u00e9 de la d\u00e9claration de politique g\u00e9n\u00e9rale\u00a0 du Premier ministre Lassina Zerbo DPG_SEM_Lassina_ZERBO_20220107 L\u2019article Lassina Zerbo \u00e0 l\u2019Assembl\u00e9e Nationale: L\u2019int\u00e9gralit\u00e9 de la D\u00e9claration de Politique G\u00e9n\u00e9rale est apparu en premier sur Quotidien Sidwaya. Auteur: BS. Sidwaya Cliquez ici pour lire l&rsquo;article depuis sa source.<\/p>\n","protected":false},"author":1816,"featured_media":0,"comment_status":"closed","ping_status":"closed","sticky":false,"template":"","format":"standard","meta":{"fifu_image_url":"","fifu_image_alt":"","footnotes":""},"categories":[73,81],"tags":[],"class_list":["post-137963","post","type-post","status-publish","format-standard","hentry","category-actualite","category-burkina-faso"],"_links":{"self":[{"href":"https:\/\/linitiative.ca\/International\/wp-json\/wp\/v2\/posts\/137963","targetHints":{"allow":["GET"]}}],"collection":[{"href":"https:\/\/linitiative.ca\/International\/wp-json\/wp\/v2\/posts"}],"about":[{"href":"https:\/\/linitiative.ca\/International\/wp-json\/wp\/v2\/types\/post"}],"author":[{"embeddable":true,"href":"https:\/\/linitiative.ca\/International\/wp-json\/wp\/v2\/users\/1816"}],"replies":[{"embeddable":true,"href":"https:\/\/linitiative.ca\/International\/wp-json\/wp\/v2\/comments?post=137963"}],"version-history":[{"count":0,"href":"https:\/\/linitiative.ca\/International\/wp-json\/wp\/v2\/posts\/137963\/revisions"}],"wp:attachment":[{"href":"https:\/\/linitiative.ca\/International\/wp-json\/wp\/v2\/media?parent=137963"}],"wp:term":[{"taxonomy":"category","embeddable":true,"href":"https:\/\/linitiative.ca\/International\/wp-json\/wp\/v2\/categories?post=137963"},{"taxonomy":"post_tag","embeddable":true,"href":"https:\/\/linitiative.ca\/International\/wp-json\/wp\/v2\/tags?post=137963"}],"curies":[{"name":"wp","href":"https:\/\/api.w.org\/{rel}","templated":true}]}}