{"id":137966,"date":"2022-01-07T09:59:04","date_gmt":"2022-01-07T14:59:04","guid":{"rendered":"https:\/\/linitiative.ca\/International\/voeux-des-acteurs-culturels-salfo-sore-dit-jah-press-commissaire-general-des-kunde\/"},"modified":"2022-01-07T09:59:04","modified_gmt":"2022-01-07T14:59:04","slug":"voeux-des-acteurs-culturels-salfo-sore-dit-jah-press-commissaire-general-des-kunde","status":"publish","type":"post","link":"https:\/\/linitiative.ca\/International\/voeux-des-acteurs-culturels-salfo-sore-dit-jah-press-commissaire-general-des-kunde\/","title":{"rendered":"V\u0153ux des acteurs culturels\u00a0: Salfo Sor\u00e9 dit Jah Press, commissaire g\u00e9n\u00e9ral des Kunde"},"content":{"rendered":"<div>\n<p><strong>\u00a0Salfo Sor\u00e9 dit Jah Press, commissaire g\u00e9n\u00e9ral des Kunde<\/strong><\/p>\n<p>Mes v\u0153ux de sant\u00e9, bonheur, prosp\u00e9rit\u00e9, paix et s\u00e9curit\u00e9 pour tout le monde. Sans la paix et la s\u00e9curit\u00e9, nous ne pouvons pas vaquer \u00e0 nos occupations ni entreprendre. Je voudrais que la culture soit toujours au-devant des combats. Toutes les guerres sont d\u2019abord des guerres de culture. Le vainqueur impose toujours sa culture au perdant. Nous sommes aujourd\u2019hui attaqu\u00e9s par des terroristes, nous devons leur opposer notre culture. Les activit\u00e9s et les \u00a0\u00a0manifestations culturelles y contribuent. En plus, la promotion culturelle apaise le climat social. Nous montrons aux djihadistes que malgr\u00e9 leurs attaques, la vie continue. C\u2019est \u00e0 travers les manifestations culturelles que nous pouvons montrer que sommes r\u00e9silients.<\/p>\n<p><strong>Val\u00e9rie KABORE,\u00a0 Elue Consulaire repr\u00e9sentant les Entreprises Culturelles et Cr\u00e9atives \u00e0 la Chambre de Commerce et d\u2019Industrie du Burkina Faso<\/strong><img decoding=\"async\" loading=\"lazy\" class=\"alignnone size-medium wp-image-44061\" src=\"https:\/\/linitiative.ca\/International\/wp-content\/uploads\/sites\/23\/2022\/01\/Boureima-Djiga-300x135-1.jpg\" alt=\"\" width=\"300\" height=\"135\" srcset=\"https:\/\/linitiative.ca\/International\/wp-content\/uploads\/sites\/23\/2022\/01\/Boureima-Djiga-300x135-1.jpg 300w, https:\/\/linitiative.ca\/International\/wp-content\/uploads\/sites\/23\/2022\/01\/Boureima-Djiga-1024x461-1.jpg 1024w, https:\/\/www.sidwaya.info\/wp-content\/uploads\/2022\/01\/Boureima-Djiga-768x346.jpg 768w, https:\/\/www.sidwaya.info\/wp-content\/uploads\/2022\/01\/Boureima-Djiga-1536x691.jpg 1536w, https:\/\/www.sidwaya.info\/wp-content\/uploads\/2022\/01\/Boureima-Djiga-2048x922.jpg 2048w, https:\/\/www.sidwaya.info\/wp-content\/uploads\/2022\/01\/Boureima-Djiga-150x68.jpg 150w, https:\/\/www.sidwaya.info\/wp-content\/uploads\/2022\/01\/Boureima-Djiga-696x313.jpg 696w, https:\/\/www.sidwaya.info\/wp-content\/uploads\/2022\/01\/Boureima-Djiga-1068x481.jpg 1068w, https:\/\/www.sidwaya.info\/wp-content\/uploads\/2022\/01\/Boureima-Djiga-1920x864.jpg 1920w, https:\/\/www.sidwaya.info\/wp-content\/uploads\/2022\/01\/Boureima-Djiga-933x420.jpg 933w, https:\/\/www.sidwaya.info\/wp-content\/uploads\/2022\/01\/Boureima-Djiga-1320x594.jpg 1320w\" sizes=\"auto, (max-width: 300px) 100vw, 300px\"><\/p>\n<p><img decoding=\"async\" loading=\"lazy\" class=\"alignnone wp-image-44060 size-large\" src=\"https:\/\/linitiative.ca\/International\/wp-content\/uploads\/sites\/23\/2022\/01\/Valerie-761x1024-1.jpg\" alt=\"\" width=\"696\" height=\"937\" srcset=\"https:\/\/linitiative.ca\/International\/wp-content\/uploads\/sites\/23\/2022\/01\/Valerie-761x1024-1.jpg 761w, https:\/\/www.sidwaya.info\/wp-content\/uploads\/2022\/01\/Valerie-223x300.jpg 223w, https:\/\/www.sidwaya.info\/wp-content\/uploads\/2022\/01\/Valerie-768x1033.jpg 768w, https:\/\/www.sidwaya.info\/wp-content\/uploads\/2022\/01\/Valerie-150x202.jpg 150w, https:\/\/www.sidwaya.info\/wp-content\/uploads\/2022\/01\/Valerie-300x403.jpg 300w, https:\/\/www.sidwaya.info\/wp-content\/uploads\/2022\/01\/Valerie-696x936.jpg 696w, https:\/\/www.sidwaya.info\/wp-content\/uploads\/2022\/01\/Valerie-312x420.jpg 312w, https:\/\/www.sidwaya.info\/wp-content\/uploads\/2022\/01\/Valerie.jpg 803w\" sizes=\"auto, (max-width: 696px) 100vw, 696px\"><\/p>\n<p>\u00a0<\/p>\n<p>Bienvenue \u00e0\u00a0 2022<\/p>\n<p>2021 restera \u00e0 jamais graver dans nos m\u00e9moires collectives comme\u00a0 une ann\u00e9e particuli\u00e8rement \u00e9prouvante \u00e0 tout point de vue en raison des impacts d\u00e9vastateurs de la double crise s\u00e9curitaire et sanitaire sur nos capacit\u00e9s s\u00e9culaires \u00e0 vivre ensemble, dans l\u2019harmonie, la solidarit\u00e9, la g\u00e9n\u00e9rosit\u00e9, la justice sociale, la paix, l\u2019int\u00e9grit\u00e9, la dignit\u00e9 et la dignit\u00e9.<\/p>\n<p>Mais nous avons \u00e9t\u00e9 et resterons toujours dignes et forts face aux \u00e9preuves gr\u00e2ce \u00e0 notre capacit\u00e9 de r\u00e9silience fond\u00e9e sur nos valeurs ancestrales de solidarit\u00e9 agissante et de dialogue f\u00e9cond.<\/p>\n<p>Puisse 2022 \u00eatre favorable \u00e0 toutes les initiatives novatrices pour transcender l\u2019existant et gagner tous les d\u00e9fis et faire de nous des porteurs\u00a0 et des prescripteurs de bonnes ondes \u00e0 transmettre autour de nous dans la s\u00e9curit\u00e9, la sant\u00e9 et la paix.<\/p>\n<p>Pour nos projets communs dans le domaine des Industries Culturelles et Cr\u00e9atives (ICC), armons-nous de courage pour continuer \u00e0 avancer dans la passion et dans l\u2019innovation cr\u00e9atrice.<\/p>\n<p>Ayons la force de croire en nos envies et donnons \u00e0 nos projets un peu plus de nous-m\u00eames pour construire, ensemble, un futur meilleur et r\u00eav\u00e9 de toutes et de tous.<\/p>\n<p>Que 2022 soit riche de satisfaction et de pl\u00e9nitude personnelles et professionnelles.<\/p>\n<p>Pour le renforcement du prestige culturel, artistique et touristique du BURKINA FASO en Afrique et dans le monde, j\u2018engage tous les acteurs culturels en g\u00e9n\u00e9ral et ceux organis\u00e9s et structur\u00e9s en entreprises culturelles et cr\u00e9atives en particulier \u00e0 mettre r\u00e9solument toutes nos \u00e9nergies cr\u00e9atives en action.<\/p>\n<p>Bonne et heureuse ann\u00e9e 2022 \u00e0 toutes et \u00e0 tous\u00a0!<\/p>\n<p><strong>Boureima Djiga, journaliste et promoteur du Salon des Curiosit\u00e9s, des Conservations et des collections (SACCOL)<\/strong><\/p>\n<p><img decoding=\"async\" loading=\"lazy\" class=\"alignnone wp-image-44061 size-large\" src=\"https:\/\/linitiative.ca\/International\/wp-content\/uploads\/sites\/23\/2022\/01\/Boureima-Djiga-1024x461-1.jpg\" alt=\"\" width=\"696\" height=\"313\" srcset=\"https:\/\/linitiative.ca\/International\/wp-content\/uploads\/sites\/23\/2022\/01\/Boureima-Djiga-1024x461-1.jpg 1024w, https:\/\/linitiative.ca\/International\/wp-content\/uploads\/sites\/23\/2022\/01\/Boureima-Djiga-300x135-1.jpg 300w, https:\/\/www.sidwaya.info\/wp-content\/uploads\/2022\/01\/Boureima-Djiga-768x346.jpg 768w, https:\/\/www.sidwaya.info\/wp-content\/uploads\/2022\/01\/Boureima-Djiga-1536x691.jpg 1536w, https:\/\/www.sidwaya.info\/wp-content\/uploads\/2022\/01\/Boureima-Djiga-2048x922.jpg 2048w, https:\/\/www.sidwaya.info\/wp-content\/uploads\/2022\/01\/Boureima-Djiga-150x68.jpg 150w, https:\/\/www.sidwaya.info\/wp-content\/uploads\/2022\/01\/Boureima-Djiga-696x313.jpg 696w, https:\/\/www.sidwaya.info\/wp-content\/uploads\/2022\/01\/Boureima-Djiga-1068x481.jpg 1068w, https:\/\/www.sidwaya.info\/wp-content\/uploads\/2022\/01\/Boureima-Djiga-1920x864.jpg 1920w, https:\/\/www.sidwaya.info\/wp-content\/uploads\/2022\/01\/Boureima-Djiga-933x420.jpg 933w, https:\/\/www.sidwaya.info\/wp-content\/uploads\/2022\/01\/Boureima-Djiga-1320x594.jpg 1320w\" sizes=\"auto, (max-width: 696px) 100vw, 696px\"><\/p>\n<p>Que cette ann\u00e9e soit une ann\u00e9e de retour de la paix afin que les activit\u00e9s culturelles puissent se poursuivre, s\u2019intensifier pour pouvoir, une fois de plus, honorer le Burkina Faso qui a comme principale richesse, sa culture. Lorsque celle-ci est menac\u00e9e par le ph\u00e9nom\u00e8ne du terrorisme, c\u2018est une double atteinte qui est douloureusement v\u00e9cue. Je lance un appel \u00e0 l\u2019endroit de tous les acteurs culturels et de leurs partenaires afin que nous pers\u00e9v\u00e9rions dans la r\u00e9sistance et dans la r\u00e9silience. Le seigneur aidant, tout devra aller pour le mieux. Inchallah, c\u2019est ce que nous souhaitons pour 2022.<\/p>\n<p><strong>Ibrahim Zerbo, manager d\u2019artiste-musicien<\/strong><\/p>\n<p><img decoding=\"async\" loading=\"lazy\" class=\"alignnone wp-image-44062 size-full\" src=\"https:\/\/linitiative.ca\/International\/wp-content\/uploads\/sites\/23\/2022\/01\/Ibrahim-Zerbo.jpg\" alt=\"\" width=\"898\" height=\"599\" srcset=\"https:\/\/linitiative.ca\/International\/wp-content\/uploads\/sites\/23\/2022\/01\/Ibrahim-Zerbo.jpg 898w, https:\/\/www.sidwaya.info\/wp-content\/uploads\/2022\/01\/Ibrahim-Zerbo-300x200.jpg 300w, https:\/\/www.sidwaya.info\/wp-content\/uploads\/2022\/01\/Ibrahim-Zerbo-768x512.jpg 768w, https:\/\/www.sidwaya.info\/wp-content\/uploads\/2022\/01\/Ibrahim-Zerbo-150x100.jpg 150w, https:\/\/www.sidwaya.info\/wp-content\/uploads\/2022\/01\/Ibrahim-Zerbo-696x464.jpg 696w, https:\/\/www.sidwaya.info\/wp-content\/uploads\/2022\/01\/Ibrahim-Zerbo-630x420.jpg 630w\" sizes=\"auto, (max-width: 898px) 100vw, 898px\"><\/p>\n<p>En cette nouvelle ann\u00e9e 2022, je souhaite \u00e0 toutes\u00a0 et \u00e0 tous une ann\u00e9e de paix et de s\u00e9curit\u00e9. Notre beau pays, le Burkina Faso, est depuis quelques ann\u00e9es confront\u00e9 \u00e0 des attaques qui fragilisent notre tissu social et l\u2019\u00e9quilibre de notre nation.Je souhaite vivement que l\u2019Etat \u00e0 travers des actions fortes puisse recouvrer tous les centim\u00e8tres carr\u00e9s de notre territoire afin que les personnes d\u00e9plac\u00e9es internes puissent regagner leurs villages. Force et courage aux FDS, aux VDP et \u00e0 toutes ces personnes qui luttent inlassablement pour un retour d\u00e9finitif de la paix au Burkina Faso.<\/p>\n<p>Bonne et heureuse ann\u00e9e \u00e0 tous\u00a0!<\/p>\n<p>L\u2019article <a rel=\"nofollow\" href=\"https:\/\/www.sidwaya.info\/blog\/2022\/01\/07\/voeux-des-acteurs-culturels-salfo-sore-dit-jah-press-commissaire-general-des-kunde\/\">V\u0153ux des acteurs culturels\u00a0: Salfo Sor\u00e9 dit Jah Press, commissaire g\u00e9n\u00e9ral des Kunde<\/a> est apparu en premier sur <a rel=\"nofollow\" href=\"https:\/\/www.sidwaya.info\/\">Quotidien Sidwaya<\/a>.<\/p>\n<\/div>\n<p>Auteur: Wamini SIDWAYA<br \/>\n<a href=\"https:\/\/www.sidwaya.info\/blog\/2022\/01\/07\/voeux-des-acteurs-culturels-salfo-sore-dit-jah-press-commissaire-general-des-kunde\/?utm_source=rss&#038;utm_medium=rss&#038;utm_campaign=voeux-des-acteurs-culturels-salfo-sore-dit-jah-press-commissaire-general-des-kunde\">Cliquez ici pour lire l&rsquo;article depuis sa source.<\/a><\/p>\n","protected":false},"excerpt":{"rendered":"<p>\u00a0Salfo Sor\u00e9 dit Jah Press, commissaire g\u00e9n\u00e9ral des Kunde Mes v\u0153ux de sant\u00e9, bonheur, prosp\u00e9rit\u00e9, paix et s\u00e9curit\u00e9 pour tout le monde. Sans la paix et la s\u00e9curit\u00e9, nous ne pouvons pas vaquer \u00e0 nos occupations ni entreprendre. Je voudrais que la culture soit toujours au-devant des combats. Toutes les guerres sont d\u2019abord des guerres [&hellip;]<\/p>\n","protected":false},"author":1816,"featured_media":0,"comment_status":"closed","ping_status":"closed","sticky":false,"template":"","format":"standard","meta":{"fifu_image_url":"https:\/\/www.sidwaya.info\/wp-content\/uploads\/2022\/01\/Boureima-Djiga-300x135.jpg","fifu_image_alt":"V\u0153ux des acteurs culturels\u00a0: Salfo Sor\u00e9 dit Jah Press, commissaire g\u00e9n\u00e9ral des Kunde","footnotes":""},"categories":[73,81],"tags":[],"class_list":["post-137966","post","type-post","status-publish","format-standard","hentry","category-actualite","category-burkina-faso"],"_links":{"self":[{"href":"https:\/\/linitiative.ca\/International\/wp-json\/wp\/v2\/posts\/137966","targetHints":{"allow":["GET"]}}],"collection":[{"href":"https:\/\/linitiative.ca\/International\/wp-json\/wp\/v2\/posts"}],"about":[{"href":"https:\/\/linitiative.ca\/International\/wp-json\/wp\/v2\/types\/post"}],"author":[{"embeddable":true,"href":"https:\/\/linitiative.ca\/International\/wp-json\/wp\/v2\/users\/1816"}],"replies":[{"embeddable":true,"href":"https:\/\/linitiative.ca\/International\/wp-json\/wp\/v2\/comments?post=137966"}],"version-history":[{"count":0,"href":"https:\/\/linitiative.ca\/International\/wp-json\/wp\/v2\/posts\/137966\/revisions"}],"wp:attachment":[{"href":"https:\/\/linitiative.ca\/International\/wp-json\/wp\/v2\/media?parent=137966"}],"wp:term":[{"taxonomy":"category","embeddable":true,"href":"https:\/\/linitiative.ca\/International\/wp-json\/wp\/v2\/categories?post=137966"},{"taxonomy":"post_tag","embeddable":true,"href":"https:\/\/linitiative.ca\/International\/wp-json\/wp\/v2\/tags?post=137966"}],"curies":[{"name":"wp","href":"https:\/\/api.w.org\/{rel}","templated":true}]}}