{"id":137971,"date":"2022-01-07T14:18:03","date_gmt":"2022-01-07T19:18:03","guid":{"rendered":"https:\/\/linitiative.ca\/International\/lethiopie-invite-a-agir-contre-les-massacres-ethniques\/"},"modified":"2022-01-07T14:18:03","modified_gmt":"2022-01-07T19:18:03","slug":"lethiopie-invite-a-agir-contre-les-massacres-ethniques","status":"publish","type":"post","link":"https:\/\/linitiative.ca\/International\/lethiopie-invite-a-agir-contre-les-massacres-ethniques\/","title":{"rendered":"L\u2019Ethiopie invit\u00e9 \u00e0 agir contre les massacres ethniques"},"content":{"rendered":"<div>\n<p><img decoding=\"async\" width=\"817\" height=\"457\" src=\"https:\/\/linitiative.ca\/International\/wp-content\/uploads\/sites\/23\/2022\/01\/16415830835455.jpg\" class=\"attachment-post-thumbnail size-post-thumbnail wp-post-image\" alt=\"\" loading=\"lazy\" srcset=\"https:\/\/linitiative.ca\/International\/wp-content\/uploads\/sites\/23\/2022\/01\/16415830835455.jpg 817w, https:\/\/www.journalducameroun.com\/wp-content\/uploads\/2022\/01\/16415830835455-300x168.jpg 300w, https:\/\/www.journalducameroun.com\/wp-content\/uploads\/2022\/01\/16415830835455-768x430.jpg 768w, https:\/\/www.journalducameroun.com\/wp-content\/uploads\/2022\/01\/16415830835455-160x90.jpg 160w, https:\/\/www.journalducameroun.com\/wp-content\/uploads\/2022\/01\/16415830835455-240x135.jpg 240w, https:\/\/www.journalducameroun.com\/wp-content\/uploads\/2022\/01\/16415830835455-787x440.jpg 787w, https:\/\/www.journalducameroun.com\/wp-content\/uploads\/2022\/01\/16415830835455-600x336.jpg 600w\" sizes=\"auto, (max-width: 817px) 100vw, 817px\"><\/p>\n<p>Le Conseil \u00e9thiopien des droits de l&rsquo;homme a exhort\u00e9 vendredi le gouvernement \u00e0 agir contre les auteurs d&rsquo;attaques \u00e0 caract\u00e8re ethnique qui auraient \u00e9t\u00e9 perp\u00e9tr\u00e9es par le groupe Shene du Front de lib\u00e9ration Oromo (OLF).Cette demande a \u00e9t\u00e9 formul\u00e9e apr\u00e8s que les troupes de l&rsquo;OLF-Shene ont br\u00fbl\u00e9 \u00e0 mort 50 personnes de l&rsquo;ethnie Amhara dans la localit\u00e9 de Weligalti, dans le district de Wama Sipusure, dans la zone de Wellega de l&rsquo;Etat d&rsquo;Oromia.<\/p>\n<p>Le Conseil \u00e9thiopien des droits de l&rsquo;homme (EHRC, sigle en anglais) exige du gouvernement qu&rsquo;il prenne des mesures \u00e0 l&rsquo;encontre des hommes arm\u00e9s du Front de lib\u00e9ration Oromo Shane qui continuent de mener des attaques \u00e0 caract\u00e8re ethnique contre les Amharas.<\/p>\n<p>Dans une d\u00e9claration publi\u00e9e jeudi, l&rsquo;EHRC a indiqu\u00e9 avoir re\u00e7u des rapports sur ces attaques qui se seraient produites en d\u00e9but de de semaine contre des civils innocents dans la zone de Horo Guduru, dans la r\u00e9gion d&rsquo;Oromo, o\u00f9 au moins cinq civils ont \u00e9t\u00e9 tu\u00e9s sur un march\u00e9 dont deux femmes.<\/p>\n<p>Selon l&rsquo;EHRC, l&rsquo;OLF Shene \u00e9tait derri\u00e8re cette attaque. Il a \u00e9t\u00e9 rapport\u00e9 que ni l&rsquo;administration r\u00e9gionale ni le gouvernement f\u00e9d\u00e9ral n&rsquo;ont condamn\u00e9 le massacre cibl\u00e9 contre les civils de l&rsquo;ethnie Amhara. Ces atrocit\u00e9s surviennent quelques semaines apr\u00e8s l&rsquo;arr\u00eat des bombardements sur le Tigr\u00e9 par le gouvernement \u00e9thiopien.<\/p>\n<p>La derni\u00e8re op\u00e9ration de l&rsquo;OLF ne s&rsquo;est pas d\u00e9roul\u00e9e uniquement \u00e0 Wollega, o\u00f9 un massacre de communaut\u00e9s agricoles principalement d&rsquo;origine amhara a eu lieu, mais \u00e9galement \u00e0 Shoa, dans le centre de l&rsquo;\u00c9thiopie, selon les rapports.<\/p>\n<p>Les activistes et les partis politiques ont \u00e9t\u00e9 accus\u00e9s de ne pas s&rsquo;\u00eatre fait entendre pour condamner les r\u00e9centes attaques. La communaut\u00e9 internationale a fait pression sur le gouvernement \u00e9thiopien pour qu&rsquo;il mette fin au conflit, qui fait rage depuis novembre 2020.<\/p>\n<p>Cet article <a rel=\"nofollow\" href=\"https:\/\/www.journalducameroun.com\/lethiopie-invite-a-agir-contre-les-massacres-ethniques\/\">L\u2019Ethiopie invit\u00e9 \u00e0 agir contre les massacres ethniques<\/a> est apparu en premier sur <a rel=\"nofollow\" href=\"https:\/\/www.journalducameroun.com\/\">Journal du Cameroun<\/a>.<\/p>\n<\/div>\n<p>Auteur: APA News<br \/>\n<a href=\"https:\/\/www.journalducameroun.com\/lethiopie-invite-a-agir-contre-les-massacres-ethniques\/\">Cliquez ici pour lire l&rsquo;article depuis sa source.<\/a><\/p>\n","protected":false},"excerpt":{"rendered":"<p>Le Conseil \u00e9thiopien des droits de l&rsquo;homme a exhort\u00e9 vendredi le gouvernement \u00e0 agir contre les auteurs d&rsquo;attaques \u00e0 caract\u00e8re ethnique qui auraient \u00e9t\u00e9 perp\u00e9tr\u00e9es par le groupe Shene du Front de lib\u00e9ration Oromo (OLF).Cette demande a \u00e9t\u00e9 formul\u00e9e apr\u00e8s que les troupes de l&rsquo;OLF-Shene ont br\u00fbl\u00e9 \u00e0 mort 50 personnes de l&rsquo;ethnie Amhara dans [&hellip;]<\/p>\n","protected":false},"author":1965,"featured_media":0,"comment_status":"closed","ping_status":"closed","sticky":false,"template":"","format":"standard","meta":{"fifu_image_url":"https:\/\/www.journalducameroun.com\/wp-content\/uploads\/2022\/01\/16415830835455.jpg","fifu_image_alt":"L\u2019Ethiopie invit\u00e9 \u00e0 agir contre les massacres ethniques","footnotes":""},"categories":[73,82],"tags":[],"class_list":["post-137971","post","type-post","status-publish","format-standard","hentry","category-actualite","category-cameroun"],"_links":{"self":[{"href":"https:\/\/linitiative.ca\/International\/wp-json\/wp\/v2\/posts\/137971","targetHints":{"allow":["GET"]}}],"collection":[{"href":"https:\/\/linitiative.ca\/International\/wp-json\/wp\/v2\/posts"}],"about":[{"href":"https:\/\/linitiative.ca\/International\/wp-json\/wp\/v2\/types\/post"}],"author":[{"embeddable":true,"href":"https:\/\/linitiative.ca\/International\/wp-json\/wp\/v2\/users\/1965"}],"replies":[{"embeddable":true,"href":"https:\/\/linitiative.ca\/International\/wp-json\/wp\/v2\/comments?post=137971"}],"version-history":[{"count":0,"href":"https:\/\/linitiative.ca\/International\/wp-json\/wp\/v2\/posts\/137971\/revisions"}],"wp:attachment":[{"href":"https:\/\/linitiative.ca\/International\/wp-json\/wp\/v2\/media?parent=137971"}],"wp:term":[{"taxonomy":"category","embeddable":true,"href":"https:\/\/linitiative.ca\/International\/wp-json\/wp\/v2\/categories?post=137971"},{"taxonomy":"post_tag","embeddable":true,"href":"https:\/\/linitiative.ca\/International\/wp-json\/wp\/v2\/tags?post=137971"}],"curies":[{"name":"wp","href":"https:\/\/api.w.org\/{rel}","templated":true}]}}