{"id":137977,"date":"2022-01-07T16:18:03","date_gmt":"2022-01-07T21:18:03","guid":{"rendered":"https:\/\/linitiative.ca\/International\/ceremonie-douverture-can-2021-macky-sall-invite-special-de-paul-biya\/"},"modified":"2022-01-07T16:18:03","modified_gmt":"2022-01-07T21:18:03","slug":"ceremonie-douverture-can-2021-macky-sall-invite-special-de-paul-biya","status":"publish","type":"post","link":"https:\/\/linitiative.ca\/International\/ceremonie-douverture-can-2021-macky-sall-invite-special-de-paul-biya\/","title":{"rendered":"C\u00e9r\u00e9monie d\u2019ouverture Can 2021 : Macky Sall invit\u00e9 sp\u00e9cial de Paul Biya"},"content":{"rendered":"<div>\n<p><img decoding=\"async\" width=\"590\" height=\"344\" src=\"https:\/\/linitiative.ca\/International\/wp-content\/uploads\/sites\/23\/2022\/01\/16415902842200.jpg\" class=\"attachment-post-thumbnail size-post-thumbnail wp-post-image\" alt=\"\" loading=\"lazy\" srcset=\"https:\/\/linitiative.ca\/International\/wp-content\/uploads\/sites\/23\/2022\/01\/16415902842200.jpg 590w, https:\/\/www.journalducameroun.com\/wp-content\/uploads\/2022\/01\/16415902842200-300x175.jpg 300w\" sizes=\"auto, (max-width: 590px) 100vw, 590px\"><\/p>\n<p>Macky Sall est l&rsquo;invit\u00e9 d&rsquo;honneur de Paul Biya lors de la c\u00e9r\u00e9monie d&rsquo;ouverture de la Coupe d&rsquo;Afrique des nations 2021 qui s&rsquo;ouvre ce dimanche 9 janvier jusqu&rsquo;au 6 f\u00e9vrier 2022 au Cameroun.Le pr\u00e9sident s\u00e9n\u00e9galais, futur pr\u00e9sident en exercice de l&rsquo;Union africaine (UA), sera la guest star du pr\u00e9sident camerounais Paul Biya ce dimanche \u00e0 Yaound\u00e9. Le pr\u00e9sident de la R\u00e9publique d\u00e9mocratique du Congo, F\u00e9lix Tshisekedi, pr\u00e9sident en exercice de UA, qui lui passera le flambeau en f\u00e9vrier prochain, est aussi invit\u00e9 \u00e0\u00a0cette c\u00e9r\u00e9monie d&rsquo;ouverture o\u00f9\u00a0plusieurs personnalit\u00e9s sportives et diplomatiques sont annonc\u00e9es.<\/p>\n<p>Le chef de l&rsquo;Etat s\u00e9n\u00e9galais assistera aux festivit\u00e9s dans le nouveau stade Paul Biya d&rsquo;Olembe. Il suivra dans la foul\u00e9e le match d&rsquo;ouverture \u00e0 16h00 entre les Lions indomptables du Cameroun et les Etalons du Burkina Faso qui va lancer cette comp\u00e9tition.<\/p>\n<p>Le pr\u00e9sident camerounais qui s&rsquo;est impliqu\u00e9 personnellement dans\u00a0l&rsquo;organisation de cette Can, sera bien au rendez-vous. Si sa pr\u00e9sence avait suscit\u00e9 quelques interrogations, les derniers doutes sont lev\u00e9s. A 88 ans et 40 ans de pr\u00e9sidence, Paul Biya se fait de plus en plus discret. Sa derni\u00e8re apparition publique remonte au 21 d\u00e9cembre 2021 lors d&rsquo;une audience accord\u00e9e au pr\u00e9sident de Conf\u00e9d\u00e9ration africaine de football (Caf) le sud-africain Patrice Motsepe.<\/p>\n<p>Fally Ipupa de la partie<\/p>\n<p>Cette 33\u00e8me \u00e9dition de la Coupe d&rsquo;Afrique des nations offre au doyen des pr\u00e9sidents d&rsquo;Afrique en termes d&rsquo;\u00e2ge et deuxi\u00e8me pr\u00e9sident en terme de long\u00e9vit\u00e9 (derri\u00e8re Th\u00e9odoro Obiang Nguema Mbasogo, 43 ans de pr\u00e9sidence), d&rsquo;effectuer une sortie remarqu\u00e9e. D&rsquo;apr\u00e8s le m\u00e9dia d&rsquo;investigation Africa Intelligence, son h\u00f4te n&rsquo;assistera qu&rsquo;au match d&rsquo;ouverture. Macky Sall qui a r\u00e9clam\u00e9 la coupe aux Lions de la Teranga, n&rsquo;aura pas l&rsquo;occasion de suivre le match du S\u00e9n\u00e9gal qui croisera le fer le lundi 10 janvier \u00e0 13h00 contre les Warriors du Zimbabwe \u00e0 Bafoussam dans l&rsquo;Ouest du Cameroun.<\/p>\n<p>Cette c\u00e9r\u00e9monie qui s&rsquo;annonce grandiose\u00a0dans cet \u00e9crin d&rsquo;Olemb\u00e9 de 60.000 places, r\u00e9serve plusieurs surprises selon le comit\u00e9 d&rsquo;organisation. L&rsquo;artiste international congolais, Fally Ipupa, tr\u00e8s suivi au Cameroun, est ainsi attendu. Il est l&rsquo;invit\u00e9 de Samuel Eto&rsquo;o, nouveau pr\u00e9sident de la F\u00e9d\u00e9ration camerounaise de football (Fecafoot).<\/p>\n<p>A c\u00f4t\u00e9 du match d&rsquo;ouverture entre le Cameroun et le Burkina Faso, on suivra le duel entre les Requins Bleus du Cap Vert et les Walya (Antilopes) d&rsquo;Ethiopie \u00e0 19h00. L&rsquo;Alg\u00e9rie, tenante du titre, tentera de conserver son bien et de maintenir sa s\u00e9rie d&rsquo;invincibilit\u00e9 (37 matchs) mardi devant la Sierra Leona \u00e0 Douala. Les Fennecs ne sont plus qu&rsquo;\u00e0 trois victoires du record absolu d&rsquo;invincibilit\u00e9 de l&rsquo;Italie (40 matchs). L&rsquo;\u00c9gypte, le S\u00e9n\u00e9gal, le Maroc, le Mali et la C\u00f4te d&rsquo;Ivoire sont les autres favoris \u00e0 suivre dans cette Can.<\/p>\n<p>Programme : dimanche 9 janvier \u00e0 Yaound\u00e9 : 16h00 : Cameroun vs Burkina Faso, 19h00 : \u00c9thiopie vs Cap Vert<\/p>\n<p>Cet article <a rel=\"nofollow\" href=\"https:\/\/www.journalducameroun.com\/ceremonie-douverture-can-2021-macky-sall-invite-special-de-paul-biya\/\">C\u00e9r\u00e9monie d\u2019ouverture Can 2021 : Macky Sall invit\u00e9 sp\u00e9cial de Paul Biya<\/a> est apparu en premier sur <a rel=\"nofollow\" href=\"https:\/\/www.journalducameroun.com\/\">Journal du Cameroun<\/a>.<\/p>\n<\/div>\n<p>Auteur: APA News<br \/>\n<a href=\"https:\/\/www.journalducameroun.com\/ceremonie-douverture-can-2021-macky-sall-invite-special-de-paul-biya\/\">Cliquez ici pour lire l&rsquo;article depuis sa source.<\/a><\/p>\n","protected":false},"excerpt":{"rendered":"<p>Macky Sall est l&rsquo;invit\u00e9 d&rsquo;honneur de Paul Biya lors de la c\u00e9r\u00e9monie d&rsquo;ouverture de la Coupe d&rsquo;Afrique des nations 2021 qui s&rsquo;ouvre ce dimanche 9 janvier jusqu&rsquo;au 6 f\u00e9vrier 2022 au Cameroun.Le pr\u00e9sident s\u00e9n\u00e9galais, futur pr\u00e9sident en exercice de l&rsquo;Union africaine (UA), sera la guest star du pr\u00e9sident camerounais Paul Biya ce dimanche \u00e0 Yaound\u00e9. [&hellip;]<\/p>\n","protected":false},"author":1965,"featured_media":0,"comment_status":"closed","ping_status":"closed","sticky":false,"template":"","format":"standard","meta":{"fifu_image_url":"https:\/\/www.journalducameroun.com\/wp-content\/uploads\/2022\/01\/16415902842200.jpg","fifu_image_alt":"C\u00e9r\u00e9monie d\u2019ouverture Can 2021 : Macky Sall invit\u00e9 sp\u00e9cial de Paul Biya","footnotes":""},"categories":[73,82],"tags":[],"class_list":["post-137977","post","type-post","status-publish","format-standard","hentry","category-actualite","category-cameroun"],"_links":{"self":[{"href":"https:\/\/linitiative.ca\/International\/wp-json\/wp\/v2\/posts\/137977","targetHints":{"allow":["GET"]}}],"collection":[{"href":"https:\/\/linitiative.ca\/International\/wp-json\/wp\/v2\/posts"}],"about":[{"href":"https:\/\/linitiative.ca\/International\/wp-json\/wp\/v2\/types\/post"}],"author":[{"embeddable":true,"href":"https:\/\/linitiative.ca\/International\/wp-json\/wp\/v2\/users\/1965"}],"replies":[{"embeddable":true,"href":"https:\/\/linitiative.ca\/International\/wp-json\/wp\/v2\/comments?post=137977"}],"version-history":[{"count":0,"href":"https:\/\/linitiative.ca\/International\/wp-json\/wp\/v2\/posts\/137977\/revisions"}],"wp:attachment":[{"href":"https:\/\/linitiative.ca\/International\/wp-json\/wp\/v2\/media?parent=137977"}],"wp:term":[{"taxonomy":"category","embeddable":true,"href":"https:\/\/linitiative.ca\/International\/wp-json\/wp\/v2\/categories?post=137977"},{"taxonomy":"post_tag","embeddable":true,"href":"https:\/\/linitiative.ca\/International\/wp-json\/wp\/v2\/tags?post=137977"}],"curies":[{"name":"wp","href":"https:\/\/api.w.org\/{rel}","templated":true}]}}