{"id":137979,"date":"2022-01-07T16:18:04","date_gmt":"2022-01-07T21:18:04","guid":{"rendered":"https:\/\/linitiative.ca\/International\/covid-19-le-maroc-autorise-lutilisation-durgence-du-medicament-molnupiravir\/"},"modified":"2022-01-07T16:18:04","modified_gmt":"2022-01-07T21:18:04","slug":"covid-19-le-maroc-autorise-lutilisation-durgence-du-medicament-molnupiravir","status":"publish","type":"post","link":"https:\/\/linitiative.ca\/International\/covid-19-le-maroc-autorise-lutilisation-durgence-du-medicament-molnupiravir\/","title":{"rendered":"Covid-19 : Le Maroc autorise l\u2019utilisation d\u2019urgence du m\u00e9dicament \u00ab Molnupiravir \u00bb"},"content":{"rendered":"<div>\n<p><img decoding=\"async\" width=\"291\" height=\"173\" src=\"https:\/\/linitiative.ca\/International\/wp-content\/uploads\/sites\/23\/2022\/01\/16415902855035.jpg\" class=\"attachment-post-thumbnail size-post-thumbnail wp-post-image\" alt=\"\" loading=\"lazy\"><\/p>\n<p>Le Maroc a autoris\u00e9 l&rsquo;usage d&rsquo;urgence pour le Covid-19 de \u00ab\u00a0Molnupiravir\u00a0\u00bb, devenant l&rsquo;un des premiers pays au monde \u00e0 approuver ce m\u00e9dicament antiviral du laboratoire am\u00e9ricain Merck, a indiqu\u00e9 Mme Bouchra Meddah, Directrice du M\u00e9dicament et de la Pharmacie au minist\u00e8re de la Sant\u00e9 et de la Protection sociale.Il a \u00e9t\u00e9 proc\u00e9d\u00e9 d&rsquo;une mani\u00e8re proactive au renforcement du protocole de traitement des patients atteints de Covid-19 par ce m\u00e9dicament, apr\u00e8s son approbation, mardi dernier, par les membres du comit\u00e9 national scientifique et technique, dans le but d&rsquo;endiguer les maladies respiratoires aigu\u00ebs, a-t-elle d\u00e9clar\u00e9.<\/p>\n<p>Il a \u00e9t\u00e9 prouv\u00e9 que ce m\u00e9dicament est efficace et r\u00e9duit de 50% le risque de cas graves et de d\u00e9c\u00e8s, notamment s&rsquo;il est administr\u00e9 dans les premiers cinq jours de l&rsquo;infection, a soulign\u00e9 Mme Meddah.<\/p>\n<p>Le minist\u00e8re de la Sant\u00e9 et de la Protection sociale a obtenu l&rsquo;ensemble des documents et donn\u00e9es, qui ont \u00e9t\u00e9 minutieusement examin\u00e9s pour v\u00e9rifier que ce m\u00e9dicament est de bonne qualit\u00e9 et sans risque pour les patients, a assur\u00e9 la responsable, ajoutant que des \u00e9chantillons de ce m\u00e9dicament ont \u00e9t\u00e9 analys\u00e9s par le laboratoire national de contr\u00f4le des m\u00e9dicaments, qui a conclu au m\u00eame r\u00e9sultat.<\/p>\n<p>A l&rsquo;instar de certains pays comme la Grande-Bretagne, les Etats-Unis et le Japon, ce m\u00e9dicament est autoris\u00e9 pour le traitement des patients atteints de Covid-19 et plusieurs autres pays l&rsquo;ont command\u00e9 pour le mettre \u00e0 la disposition du public, a-t-elle relev\u00e9.<\/p>\n<p>Ce m\u00e9dicament n\u00e9cessite une ordonnance d\u00e9livr\u00e9e par un m\u00e9decin et il est disponible dans les h\u00f4pitaux publics, les CHU et les cliniques priv\u00e9es, a-t-elle expliqu\u00e9, pr\u00e9cisant qu&rsquo;il sera aussi livr\u00e9 aux pharmacies.<\/p>\n<p>De m\u00eame, Merck a autoris\u00e9 plusieurs laboratoires \u00e0 fabriquer des versions g\u00e9n\u00e9riques pour permettre \u00e0 tout le monde l&rsquo;acc\u00e8s rapide \u00e0 ce m\u00e9dicament, a-t-elle fait savoir.<\/p>\n<p>Le minist\u00e8re, rappelle-t-elle, incite les citoyens \u00e0 accomplir leur sch\u00e9ma vaccinal et \u00e0 se tenir aux mesures pr\u00e9ventives afin d&rsquo;endiguer le virus, surtout le variant Omicron qui se propage tr\u00e8s rapidement et touche quelque 70 % des cas.<\/p>\n<p>Cet article <a rel=\"nofollow\" href=\"https:\/\/www.journalducameroun.com\/covid-19-le-maroc-autorise-lutilisation-durgence-du-medicament-molnupiravir\/\">Covid-19 : Le Maroc autorise l\u2019utilisation d\u2019urgence du m\u00e9dicament \u00ab Molnupiravir \u00bb<\/a> est apparu en premier sur <a rel=\"nofollow\" href=\"https:\/\/www.journalducameroun.com\/\">Journal du Cameroun<\/a>.<\/p>\n<\/div>\n<p>Auteur: APA News<br \/>\n<a href=\"https:\/\/www.journalducameroun.com\/covid-19-le-maroc-autorise-lutilisation-durgence-du-medicament-molnupiravir\/\">Cliquez ici pour lire l&rsquo;article depuis sa source.<\/a><\/p>\n","protected":false},"excerpt":{"rendered":"<p>Le Maroc a autoris\u00e9 l&rsquo;usage d&rsquo;urgence pour le Covid-19 de \u00ab\u00a0Molnupiravir\u00a0\u00bb, devenant l&rsquo;un des premiers pays au monde \u00e0 approuver ce m\u00e9dicament antiviral du laboratoire am\u00e9ricain Merck, a indiqu\u00e9 Mme Bouchra Meddah, Directrice du M\u00e9dicament et de la Pharmacie au minist\u00e8re de la Sant\u00e9 et de la Protection sociale.Il a \u00e9t\u00e9 proc\u00e9d\u00e9 d&rsquo;une mani\u00e8re proactive [&hellip;]<\/p>\n","protected":false},"author":1965,"featured_media":0,"comment_status":"closed","ping_status":"closed","sticky":false,"template":"","format":"standard","meta":{"fifu_image_url":"https:\/\/www.journalducameroun.com\/wp-content\/uploads\/2022\/01\/16415902855035.jpg","fifu_image_alt":"Covid-19 : Le Maroc autorise l\u2019utilisation d\u2019urgence du m\u00e9dicament \u00ab Molnupiravir \u00bb","footnotes":""},"categories":[73,82],"tags":[],"class_list":["post-137979","post","type-post","status-publish","format-standard","hentry","category-actualite","category-cameroun"],"_links":{"self":[{"href":"https:\/\/linitiative.ca\/International\/wp-json\/wp\/v2\/posts\/137979","targetHints":{"allow":["GET"]}}],"collection":[{"href":"https:\/\/linitiative.ca\/International\/wp-json\/wp\/v2\/posts"}],"about":[{"href":"https:\/\/linitiative.ca\/International\/wp-json\/wp\/v2\/types\/post"}],"author":[{"embeddable":true,"href":"https:\/\/linitiative.ca\/International\/wp-json\/wp\/v2\/users\/1965"}],"replies":[{"embeddable":true,"href":"https:\/\/linitiative.ca\/International\/wp-json\/wp\/v2\/comments?post=137979"}],"version-history":[{"count":0,"href":"https:\/\/linitiative.ca\/International\/wp-json\/wp\/v2\/posts\/137979\/revisions"}],"wp:attachment":[{"href":"https:\/\/linitiative.ca\/International\/wp-json\/wp\/v2\/media?parent=137979"}],"wp:term":[{"taxonomy":"category","embeddable":true,"href":"https:\/\/linitiative.ca\/International\/wp-json\/wp\/v2\/categories?post=137979"},{"taxonomy":"post_tag","embeddable":true,"href":"https:\/\/linitiative.ca\/International\/wp-json\/wp\/v2\/tags?post=137979"}],"curies":[{"name":"wp","href":"https:\/\/api.w.org\/{rel}","templated":true}]}}