{"id":137983,"date":"2022-01-08T04:30:59","date_gmt":"2022-01-08T09:30:59","guid":{"rendered":"https:\/\/linitiative.ca\/International\/il-court-il-court-omicron\/"},"modified":"2022-01-08T04:30:59","modified_gmt":"2022-01-08T09:30:59","slug":"il-court-il-court-omicron","status":"publish","type":"post","link":"https:\/\/linitiative.ca\/International\/il-court-il-court-omicron\/","title":{"rendered":"Il court, il court, Omicron"},"content":{"rendered":"<div>\n<p><img loading=\"lazy\" decoding=\"async\" width=\"300\" height=\"153\" src=\"https:\/\/linitiative.ca\/International\/wp-content\/uploads\/sites\/23\/2022\/01\/Dr-Imane-Kendili-300x153-1.jpg\" class=\"attachment-medium size-medium wp-post-image\" alt=\"\" srcset=\"https:\/\/linitiative.ca\/International\/wp-content\/uploads\/sites\/23\/2022\/01\/Dr-Imane-Kendili-300x153-1.jpg 300w, https:\/\/aujourdhui.ma\/wp-content\/uploads\/2020\/05\/Dr-Imane-Kendili-274x140.jpg 274w, https:\/\/aujourdhui.ma\/wp-content\/uploads\/2020\/05\/Dr-Imane-Kendili.jpg 746w, https:\/\/aujourdhui.ma\/wp-content\/uploads\/2020\/05\/Dr-Imane-Kendili-165x84.jpg 165w, https:\/\/aujourdhui.ma\/wp-content\/uploads\/2020\/05\/Dr-Imane-Kendili-702x358.jpg 702w\" sizes=\"auto, (max-width: 300px) 100vw, 300px\"><\/p>\n<p>Chaque saison apporte son lot de variants et plonge les humains dans le doute et la peur, face \u00e0 l\u2019impossibilit\u00e9 de pr\u00e9dire et de savoir quand on aura pass\u00e9 le plus dur et laiss\u00e9 cette terrible crise sanitaire derri\u00e8re nous, tel un mauvais souvenir. <span id=\"more-396925\"><\/span><\/p>\n<p>Aujourd\u2019hui, avec ce dernier variant qui menace toute la plan\u00e8te, la situation est incontr\u00f4lable un peu partout dans le monde. En effet, \u00abdepuis la derni\u00e8re mise \u00e0 jour publi\u00e9e le 14 d\u00e9cembre 2021, de nouveaux pays dans les six R\u00e9gions de l\u2019OMS ont signal\u00e9 des cas confirm\u00e9s de la variante Omicron\u00bb, peut-on lire dans un rapport de l\u2019OMS. Il faut ici souligner que selon l\u2019Agence sanitaire mondiale de l\u2019ONU, la variante s\u2019est maintenant r\u00e9pandue dans 106 pays. Selon le bulletin \u00e9pid\u00e9miologique hebdomadaire de l\u2019OMS, un total de 4.177.622 nouveaux cas et 44.616 d\u00e9c\u00e8s ont \u00e9t\u00e9 signal\u00e9s \u00e0 l\u2019organisation mondiale entre le 13 et le 19 d\u00e9cembre. La R\u00e9gion africaine a \u00e9t\u00e9 la seule r\u00e9gion \u00e0 signaler une augmentation du nombre de nouveaux d\u00e9c\u00e8s hebdomadaires (15%).<\/p>\n<p>La R\u00e9gion des Am\u00e9riques a enregistr\u00e9 la plus forte baisse (15%), suivie de la R\u00e9gion de la M\u00e9diterran\u00e9e orientale (12%), de la R\u00e9gion europ\u00e9enne (7%) et des R\u00e9gions du Pacifique occidental et de l\u2019Asie du Sud-est (6% chacune). La situation au Maroc si elle n\u2019est pas critique, demeure tr\u00e8s pr\u00e9occupante avec cette fin d\u2019ann\u00e9e sous haute tension, avec un niveau d\u2019alerte \u00e9lev\u00e9 qui montre \u00e0 quel point les autorit\u00e9s marocaines sont d\u00e9termin\u00e9es \u00e0 lutter avec efficacit\u00e9 pour \u00e9viter le pire, sachant que ce nouveau variant touche de plein fouet toutes les cat\u00e9gories d\u2019\u00e2ge avec en premier lieu les adolescents et les personnes \u00e2g\u00e9es qui payent un lourd tribut \u00e0 la Covid-19, qui s\u2019est install\u00e9e dans la dur\u00e9e plongeant tout le monde dans l\u2019angoisse, la peur, la d\u00e9pression et de s\u00e9rieux troubles psychologiques \u00e0 cause du manque d\u2019espoir et de visibilit\u00e9 face \u00e0 un ennemi invisible qui a d\u00e9j\u00e0 tu\u00e9 presque 15.000 Marocains.<\/p>\n<p>Selon docteur Imane Kendili, psychiatre et addictologue, auteur de \u00abCoronavirus, la fin d\u2019un monde\u00bb, de \u00abCovid-19 : le livre blanc\u00bb et de \u00abR\u00e9duction des risques : le Manifeste\u00bb, les choses sont tr\u00e8s claires : \u00abFace \u00e0 une pand\u00e9mie aussi terrifiante, le sentiment d\u2019angoisse est accru d\u2019autant plus qu\u2019aucun signal n\u2019est rassurant puisque nous passons d\u2019une peur \u00e0 une autre, d\u2019un variant \u00e0 l\u2019autre, avec des couvre-feux, des confinements, des restrictions\u2026 Ce qui a un fort impact psychologique sur tout le monde. \u00c9videmment les personnes fragiles sont les plus touch\u00e9es par cet impact psychologique. Les personnes \u00e2g\u00e9es souffrent d\u2019angoisse, de graves probl\u00e8mes de sommeil, de troubles divers accentu\u00e9s par la peur de contracter le virus et de mourir\u00bb. C\u2019est \u00e9galement le cas pour les jeunes, ici au Maroc ou coinc\u00e9s ailleurs sans possibilit\u00e9 de retrouver leurs familles souffrant de peur et vivant dans l\u2019attente de l\u2019ouverture des fronti\u00e8res pour pouvoir circuler librement et rentrer chez eux. \u00abLes jeunes souffrent terriblement aussi.<\/p>\n<p>Il y a bien entendu la peur et l\u2019angoisse, dans un climat social qui n\u2019est pas du tout rassurant. Sans oublier tous ces jeunes \u00e9tudiants qui vivent \u00e0 l\u2019\u00e9tranger et qui n\u2019ont pas pu revenir au pays pour retrouver leurs familles. C\u2019est l\u00e0 une angoisse de trop qui peut engendrer de s\u00e9rieux probl\u00e8mes de comportements et des r\u00e9actions \u00e0 des degr\u00e9s divers d\u2019angoisse voire de d\u00e9pression\u00bb.<\/p>\n<p>En effet, cette situation inextricable est profond\u00e9ment anxiog\u00e8ne pour des jeunes, livr\u00e9s \u00e0 eux-m\u00eames, loin de leurs pays, loin de leurs familles, seuls, face au doute et \u00e0 la peur, vivant dans l\u2019attente du moindre signe de d\u00e9tente pour prendre le premier avion. Une situation qui s\u2019apparente \u00e0 une forme d\u2019emprisonnement, avec tout ce que cela suppose comme cons\u00e9quences sur la sant\u00e9 mentale des jeunes. Une situation dont on ne voit pas le bout et \u00e0 laquelle on doit s\u2019adapter. On doit sortir de la torpeur de l\u2019attente d\u2019un retour \u00e0 une normalit\u00e9 enterr\u00e9e.<\/p>\n<\/div>\n<p>Auteur: ALM<br \/>\n<a href=\"https:\/\/aujourdhui.ma\/chroniques\/il-court-il-court-omicron\">Cliquez ici pour lire l&rsquo;article depuis sa source.<\/a><\/p>\n","protected":false},"excerpt":{"rendered":"<p>Chaque saison apporte son lot de variants et plonge les humains dans le doute et la peur, face \u00e0 l\u2019impossibilit\u00e9 de pr\u00e9dire et de savoir quand on aura pass\u00e9 le plus dur et laiss\u00e9 cette terrible crise sanitaire derri\u00e8re nous, tel un mauvais souvenir. Aujourd\u2019hui, avec ce dernier variant qui menace toute la plan\u00e8te, la [&hellip;]<\/p>\n","protected":false},"author":1759,"featured_media":0,"comment_status":"closed","ping_status":"closed","sticky":false,"template":"","format":"standard","meta":{"fifu_image_url":"https:\/\/aujourdhui.ma\/wp-content\/uploads\/2020\/05\/Dr-Imane-Kendili-300x153.jpg","fifu_image_alt":"Il court, il court, Omicron","footnotes":""},"categories":[73,54],"tags":[],"class_list":["post-137983","post","type-post","status-publish","format-standard","hentry","category-actualite","category-maroc"],"_links":{"self":[{"href":"https:\/\/linitiative.ca\/International\/wp-json\/wp\/v2\/posts\/137983","targetHints":{"allow":["GET"]}}],"collection":[{"href":"https:\/\/linitiative.ca\/International\/wp-json\/wp\/v2\/posts"}],"about":[{"href":"https:\/\/linitiative.ca\/International\/wp-json\/wp\/v2\/types\/post"}],"author":[{"embeddable":true,"href":"https:\/\/linitiative.ca\/International\/wp-json\/wp\/v2\/users\/1759"}],"replies":[{"embeddable":true,"href":"https:\/\/linitiative.ca\/International\/wp-json\/wp\/v2\/comments?post=137983"}],"version-history":[{"count":0,"href":"https:\/\/linitiative.ca\/International\/wp-json\/wp\/v2\/posts\/137983\/revisions"}],"wp:attachment":[{"href":"https:\/\/linitiative.ca\/International\/wp-json\/wp\/v2\/media?parent=137983"}],"wp:term":[{"taxonomy":"category","embeddable":true,"href":"https:\/\/linitiative.ca\/International\/wp-json\/wp\/v2\/categories?post=137983"},{"taxonomy":"post_tag","embeddable":true,"href":"https:\/\/linitiative.ca\/International\/wp-json\/wp\/v2\/tags?post=137983"}],"curies":[{"name":"wp","href":"https:\/\/api.w.org\/{rel}","templated":true}]}}