{"id":137993,"date":"2022-01-08T06:00:00","date_gmt":"2022-01-08T11:00:00","guid":{"rendered":"https:\/\/linitiative.ca\/International\/preparation-des-listes-des-familles-necessiteuses\/"},"modified":"2022-01-08T06:00:00","modified_gmt":"2022-01-08T11:00:00","slug":"preparation-des-listes-des-familles-necessiteuses","status":"publish","type":"post","link":"https:\/\/linitiative.ca\/International\/preparation-des-listes-des-familles-necessiteuses\/","title":{"rendered":"Pr\u00e9paration des listes des familles n\u00e9cessiteuses"},"content":{"rendered":"<div>Dans le but de mener un travail exhaustif de recensement des familles n\u00e9cessiteuses devant b\u00e9n\u00e9ficier des aides de l\u2019\u00c9tat, en pr\u00e9vision du mois sacr\u00e9 du Ramadhan, l\u2019op\u00e9ration de pr\u00e9paration des listes des personnes \u00e9ligibles aux aides publiques<\/div>\n<p>Auteur:<br \/>\n<a href=\"https:\/\/www.liberte-algerie.com\/centre\/preparation-des-listes-des-familles-necessiteuses-371203\">Cliquez ici pour lire l&rsquo;article depuis sa source.<\/a><\/p>\n","protected":false},"excerpt":{"rendered":"<p>Dans le but de mener un travail exhaustif de recensement des familles n\u00e9cessiteuses devant b\u00e9n\u00e9ficier des aides de l\u2019\u00c9tat, en pr\u00e9vision du mois sacr\u00e9 du Ramadhan, l\u2019op\u00e9ration de pr\u00e9paration des listes des personnes \u00e9ligibles aux aides publiques Auteur: Cliquez ici pour lire l&rsquo;article depuis sa source.<\/p>\n","protected":false},"author":1742,"featured_media":0,"comment_status":"closed","ping_status":"closed","sticky":false,"template":"","format":"standard","meta":{"fifu_image_url":"","fifu_image_alt":"","footnotes":""},"categories":[73,53],"tags":[],"class_list":["post-137993","post","type-post","status-publish","format-standard","hentry","category-actualite","category-algerie"],"_links":{"self":[{"href":"https:\/\/linitiative.ca\/International\/wp-json\/wp\/v2\/posts\/137993","targetHints":{"allow":["GET"]}}],"collection":[{"href":"https:\/\/linitiative.ca\/International\/wp-json\/wp\/v2\/posts"}],"about":[{"href":"https:\/\/linitiative.ca\/International\/wp-json\/wp\/v2\/types\/post"}],"author":[{"embeddable":true,"href":"https:\/\/linitiative.ca\/International\/wp-json\/wp\/v2\/users\/1742"}],"replies":[{"embeddable":true,"href":"https:\/\/linitiative.ca\/International\/wp-json\/wp\/v2\/comments?post=137993"}],"version-history":[{"count":0,"href":"https:\/\/linitiative.ca\/International\/wp-json\/wp\/v2\/posts\/137993\/revisions"}],"wp:attachment":[{"href":"https:\/\/linitiative.ca\/International\/wp-json\/wp\/v2\/media?parent=137993"}],"wp:term":[{"taxonomy":"category","embeddable":true,"href":"https:\/\/linitiative.ca\/International\/wp-json\/wp\/v2\/categories?post=137993"},{"taxonomy":"post_tag","embeddable":true,"href":"https:\/\/linitiative.ca\/International\/wp-json\/wp\/v2\/tags?post=137993"}],"curies":[{"name":"wp","href":"https:\/\/api.w.org\/{rel}","templated":true}]}}