{"id":137996,"date":"2022-01-08T06:00:00","date_gmt":"2022-01-08T11:00:00","guid":{"rendered":"https:\/\/linitiative.ca\/International\/vers-la-creation-dune-zone-de-peche-reglementee\/"},"modified":"2022-01-08T06:00:00","modified_gmt":"2022-01-08T11:00:00","slug":"vers-la-creation-dune-zone-de-peche-reglementee","status":"publish","type":"post","link":"https:\/\/linitiative.ca\/International\/vers-la-creation-dune-zone-de-peche-reglementee\/","title":{"rendered":"Vers la cr\u00e9ation d\u2019une zone de p\u00eache r\u00e9glement\u00e9e"},"content":{"rendered":"<div>Tr\u00e8s fragile de par les pressions qu\u2019il subit, le bassin versant de l\u2019oued El-K\u00e9bir est \u00e0 prot\u00e9ger. Et dans l\u2019urgence. C\u2019est \u00e0 cette conclusion que les observations men\u00e9es ont conduit, faisant de l\u2019intervention des services<\/div>\n<p>Auteur:<br \/>\n<a href=\"https:\/\/www.liberte-algerie.com\/est\/vers-la-creation-dune-zone-de-peche-reglementee-371200\">Cliquez ici pour lire l&rsquo;article depuis sa source.<\/a><\/p>\n","protected":false},"excerpt":{"rendered":"<p>Tr\u00e8s fragile de par les pressions qu\u2019il subit, le bassin versant de l\u2019oued El-K\u00e9bir est \u00e0 prot\u00e9ger. Et dans l\u2019urgence. C\u2019est \u00e0 cette conclusion que les observations men\u00e9es ont conduit, faisant de l\u2019intervention des services Auteur: Cliquez ici pour lire l&rsquo;article depuis sa source.<\/p>\n","protected":false},"author":1742,"featured_media":0,"comment_status":"closed","ping_status":"closed","sticky":false,"template":"","format":"standard","meta":{"fifu_image_url":"","fifu_image_alt":"","footnotes":""},"categories":[73,53],"tags":[],"class_list":["post-137996","post","type-post","status-publish","format-standard","hentry","category-actualite","category-algerie"],"_links":{"self":[{"href":"https:\/\/linitiative.ca\/International\/wp-json\/wp\/v2\/posts\/137996","targetHints":{"allow":["GET"]}}],"collection":[{"href":"https:\/\/linitiative.ca\/International\/wp-json\/wp\/v2\/posts"}],"about":[{"href":"https:\/\/linitiative.ca\/International\/wp-json\/wp\/v2\/types\/post"}],"author":[{"embeddable":true,"href":"https:\/\/linitiative.ca\/International\/wp-json\/wp\/v2\/users\/1742"}],"replies":[{"embeddable":true,"href":"https:\/\/linitiative.ca\/International\/wp-json\/wp\/v2\/comments?post=137996"}],"version-history":[{"count":0,"href":"https:\/\/linitiative.ca\/International\/wp-json\/wp\/v2\/posts\/137996\/revisions"}],"wp:attachment":[{"href":"https:\/\/linitiative.ca\/International\/wp-json\/wp\/v2\/media?parent=137996"}],"wp:term":[{"taxonomy":"category","embeddable":true,"href":"https:\/\/linitiative.ca\/International\/wp-json\/wp\/v2\/categories?post=137996"},{"taxonomy":"post_tag","embeddable":true,"href":"https:\/\/linitiative.ca\/International\/wp-json\/wp\/v2\/tags?post=137996"}],"curies":[{"name":"wp","href":"https:\/\/api.w.org\/{rel}","templated":true}]}}