{"id":137998,"date":"2022-01-07T16:45:26","date_gmt":"2022-01-07T21:45:26","guid":{"rendered":"https:\/\/linitiative.ca\/International\/renforcement-de-linfrastructure-dediee-aux-jeunes-et-a-la-culture\/"},"modified":"2022-01-07T16:45:26","modified_gmt":"2022-01-07T21:45:26","slug":"renforcement-de-linfrastructure-dediee-aux-jeunes-et-a-la-culture","status":"publish","type":"post","link":"https:\/\/linitiative.ca\/International\/renforcement-de-linfrastructure-dediee-aux-jeunes-et-a-la-culture\/","title":{"rendered":"Renforcement de l\u2019infrastructure d\u00e9di\u00e9e aux jeunes et \u00e0 la Culture"},"content":{"rendered":"<div>\n<div style=\"margin-bottom:20px;\"><img loading=\"lazy\" decoding=\"async\" width=\"750\" height=\"430\" src=\"https:\/\/linitiative.ca\/International\/wp-content\/uploads\/sites\/23\/2022\/01\/chichaoua-copier.jpg\" class=\"attachment-post-thumbnail size-post-thumbnail wp-post-image\" alt=\"\" srcset=\"https:\/\/linitiative.ca\/International\/wp-content\/uploads\/sites\/23\/2022\/01\/chichaoua-copier.jpg 750w, https:\/\/www.mapmarrakech.ma\/map\/uploads\/2022\/01\/chichaoua-copier-300x172.jpg 300w\" sizes=\"auto, (max-width: 750px) 100vw, 750px\"><\/div>\n<p>Ainsi, \u00e0 Douar Hmad relevant de la commune d\u2019Ait Hadi, le ministre de la Jeunesse, de la Culture et de la Communication, M. Mohamed Mehdi Bensaid, accompagn\u00e9 notamment du gouverneur de la province, M. Bouabid El Guerrab, et d\u2019autres personnalit\u00e9s, a proc\u00e9d\u00e9 \u00e0 l\u2019inauguration de la Maison de Jeunes d\u2019Ait Hadi, et effectu\u00e9 une tourn\u00e9e \u00e0 travers ses diff\u00e9rentes d\u00e9pendances.<\/p>\n<p>R\u00e9alis\u00e9 gr\u00e2ce \u00e0 une enveloppe budg\u00e9taire de l\u2019ordre de 2.400.905,57 DH, sur une superficie totale de 2.726 m2, dont 557,18 m2 couverts, ce projet socio-\u00e9ducatif est le fruit d\u2019un partenariat entre la Direction G\u00e9n\u00e9rale des Collectivit\u00e9s Territoriales (DGCT), le Conseil provincial de Chichaoua, la commune d\u2019Ait Hadi et le minist\u00e8re de tutelle.<\/p>\n<p>Ce projet, qui vise l\u2019insertion des jeunes de cette zone et leur initiation aux multiples activit\u00e9s culturelles, sportives et artistiques, outre l\u2019animation socio-\u00e9ducative, cible aussi bien les jeunes que les enfants, les adultes et les femmes et filles de cette zone rurale.<\/p>\n<p>Il comprend une Salle de spectacles, une Salle polyvalente, une Salle de musique, une Salle informatique, un espace vert, outre des d\u00e9pendances administratives et autres.<\/p>\n<p>A la commune de Sidi Mokhtar (une trentaine de Km de Chichaoua), le ministre accompagn\u00e9 \u00e9galement de cadres du minist\u00e8re, des \u00e9lus locaux, des chefs des services ext\u00e9rieurs, ainsi que des acteurs de la soci\u00e9t\u00e9 civile, \u00e0 inaugur\u00e9 la Maison de Jeunes de cette commune, d\u2019un montant total de 3.175.803 DH.<\/p>\n<p>Fruit d\u2019un partenariat entre le Conseil provincial de Chichaoua, la DGCT, le conseil communal de Sidi Mokhtar et le minist\u00e8re de tutelle, cette infrastructure socio-\u00e9ducative est construite sur une superficie totale de 1991,14 m2 dont, 700,47 m2 couverts.<\/p>\n<p>Se proposant de contribuer \u00e0 l\u2019int\u00e9gration de la jeunesse locale au syst\u00e8me d\u2019activit\u00e9 sportive provinciale, r\u00e9gionale et nationale, ce projet comprend, entre autres, une Salle de spectacles, deux Salles polyvalentes, une Salle de musique, une biblioth\u00e8que, une Salle d\u2019informatique, un amphith\u00e9\u00e2tre, un espace vert, outre des d\u00e9pendances administratives.<\/p>\n<p>Auparavant, M. Bensaid et la d\u00e9l\u00e9gation l\u2019accompagnant se sont rendus \u00e0 Imintanout (Une quarantaine de km de Chichaoua) o\u00f9, il a visit\u00e9 le Complexe Culturel Mohamed Damssiri de cette ville, r\u00e9alis\u00e9 sur une superficie de 990 m2.<\/p>\n<p>A cette occasion, des explications ont \u00e9t\u00e9 fournies au ministre sur les missions de ce projet destin\u00e9, in fine, \u00e0 combler le d\u00e9ficit enregistr\u00e9 dans le domaine culturel et \u00e0 contribuer \u00e0 l\u2019animation socioculturelle, artistique et \u00e9ducative de cette ville.<\/p>\n<p>A 4 km \u00e0 l\u2019Est de la ville de Chichaoua, M. Bensaid s\u2019est rendu au site de la sucrerie de Chichaoua, baptis\u00e9e \u00ab\u00a0Sour El Abid\u00a0\u00bb qui datait du 16\u00e8 si\u00e8cle \u00e0 l\u2019\u00e9poque des Sa\u00e2diens plus pr\u00e9cis\u00e9ment de Mansour Eddahbi.<\/p>\n<p>R\u00e9alis\u00e9e sur un site d\u2019une superficie de pr\u00e8s de 120.000 m2, cette sucrerie comprenait deux unit\u00e9s construites, \u00e0 savoir un lieu de production du sucre et un lieu de r\u00e9sidence.<\/p>\n<p>A cette occasion, des explications ont \u00e9t\u00e9 pr\u00e9sent\u00e9es \u00e0 M. Bensaid et \u00e0 la d\u00e9l\u00e9gation l\u2019accompagnant sur la localisation de ce site, son contexte et importance historiques, ses composantes, ainsi que sur son \u00e9tat actuel, avec un focus sur les mesures entreprises pour sa valorisation et sa pr\u00e9servation.<\/p>\n<p>Par la suite, le ministre a visit\u00e9 le Complexe Culturel de la ville de Chichaoua, consid\u00e9r\u00e9e comme l\u2019une des infrastructures culturelles les plus importantes au niveau de la r\u00e9gion Marrakech-Safi, occasion de prendre connaissance de ses missions et ses multiples composantes.<\/p>\n<p>Dans une d\u00e9claration \u00e0 la presse, M. Bensaid a fait savoir que cette visite s\u2019inscrit dans le cadre du programme pr\u00e9sent\u00e9 r\u00e9cemment devant le Parlement concernant l\u2019\u00e9quipement des Maisons de jeunes et de la culture, soulignant l\u2019importance que rev\u00eat le travail sur le terrain, de mani\u00e8re \u00e0 r\u00e9pondre aux attentes et aux besoins de la population en termes de revivification de ces infrastructures.<\/p>\n<p>Et le ministre de poursuivre que le succ\u00e8s de cette initiative \u00e9mane du partenariat solide unissant le d\u00e9partement de la Jeunesse, les autorit\u00e9s provinciales, le Conseil provincial et le conseil communal, louant au passage l\u2019engagement des autorit\u00e9s locales et des \u00e9lus qui veillent \u00e0 la r\u00e9ussite de ces chantiers.<\/p>\n<p>M. Bensaid n\u2019a pas manqu\u00e9 de relever que l\u2019animation des Maisons de Jeunes et de la Culture requiert la coordination et l\u2019association effective des collectivit\u00e9s locales, du Conseil de la r\u00e9gion, de la wilaya et des provinces, mettant en relief l\u2019importance cruciale de cette coordination en raison du d\u00e9ficit en ressources humaines, notamment dans le D\u00e9partement de la Jeunesse.<\/p>\n<p>\u00ab\u00a0Il s\u2019agit de favoriser la coordination et d\u2019activer une nouvelle approche dans le cadre de la r\u00e9gionalisation avanc\u00e9e\u00a0\u00bb, a-t-il dit, estimant que \u00ab\u00a0le succ\u00e8s de tout chantier requiert aujourd\u2019hui une implication effective de tous, y compris la soci\u00e9t\u00e9 civile qui jouit d\u2019un r\u00f4le de taille puisque, c\u2019est \u00e0 elle que reviendra, in fine, la mission d\u2019animer ces espaces socio-\u00e9ducatifs\u00a0\u00bb.<\/p>\n<p>Au sujet de sa visite au site historique de la sucrerie \u00ab\u00a0Sour El Abid\u00a0\u00bb qui remonte \u00e0 plus de 500 ans, M. Bensaid a insist\u00e9 sur la n\u00e9cessit\u00e9 de pr\u00e9server ce monument \u00e0 fort rayonnement que ce soit nationalement ou sur le plan international, rappelant qu\u2019il servait \u00e0 cette \u00e9poque de v\u00e9ritable centre pour l\u2019industrie sucri\u00e8re.<\/p>\n<p>Dans la foul\u00e9e, il a estim\u00e9 indispensable de mobiliser des investissements pour la pr\u00e9servation de ce site historique, notant que plusieurs \u00e9tudes ont \u00e9t\u00e9 r\u00e9alis\u00e9es aux niveaux national et international, dans l\u2019optique de le hisser en v\u00e9ritable espace retra\u00e7ant, comme il se doit, l\u2019histoire rayonnante de toute cette r\u00e9gion.<\/p>\n<p>The post <a rel=\"nofollow\" href=\"https:\/\/www.mapmarrakech.ma\/fr\/renforcement-de-linfrastructure-dediee-aux-jeunes-et-a-la-culture\/\">Renforcement de l\u2019infrastructure d\u00e9di\u00e9e aux jeunes et \u00e0 la Culture<\/a> appeared first on <a rel=\"nofollow\" href=\"https:\/\/www.mapmarrakech.ma\/fr\">MapMarrakech<\/a>.<\/p>\n<\/div>\n<p>Auteur: Meriem IGASS<br \/>\n<a href=\"https:\/\/www.mapmarrakech.ma\/fr\/renforcement-de-linfrastructure-dediee-aux-jeunes-et-a-la-culture\/\">Cliquez ici pour lire l&rsquo;article depuis sa source.<\/a><\/p>\n","protected":false},"excerpt":{"rendered":"<p>Ainsi, \u00e0 Douar Hmad relevant de la commune d\u2019Ait Hadi, le ministre de la Jeunesse, de la Culture et de la Communication, M. Mohamed Mehdi Bensaid, accompagn\u00e9 notamment du gouverneur de la province, M. Bouabid El Guerrab, et d\u2019autres personnalit\u00e9s, a proc\u00e9d\u00e9 \u00e0 l\u2019inauguration de la Maison de Jeunes d\u2019Ait Hadi, et effectu\u00e9 une tourn\u00e9e [&hellip;]<\/p>\n","protected":false},"author":1788,"featured_media":0,"comment_status":"closed","ping_status":"closed","sticky":false,"template":"","format":"standard","meta":{"fifu_image_url":"https:\/\/www.mapmarrakech.ma\/map\/uploads\/2022\/01\/chichaoua-copier.jpg","fifu_image_alt":"Renforcement de l\u2019infrastructure d\u00e9di\u00e9e aux jeunes et \u00e0 la Culture","footnotes":""},"categories":[54,76],"tags":[],"class_list":["post-137998","post","type-post","status-publish","format-standard","hentry","category-maroc","category-regions"],"_links":{"self":[{"href":"https:\/\/linitiative.ca\/International\/wp-json\/wp\/v2\/posts\/137998","targetHints":{"allow":["GET"]}}],"collection":[{"href":"https:\/\/linitiative.ca\/International\/wp-json\/wp\/v2\/posts"}],"about":[{"href":"https:\/\/linitiative.ca\/International\/wp-json\/wp\/v2\/types\/post"}],"author":[{"embeddable":true,"href":"https:\/\/linitiative.ca\/International\/wp-json\/wp\/v2\/users\/1788"}],"replies":[{"embeddable":true,"href":"https:\/\/linitiative.ca\/International\/wp-json\/wp\/v2\/comments?post=137998"}],"version-history":[{"count":0,"href":"https:\/\/linitiative.ca\/International\/wp-json\/wp\/v2\/posts\/137998\/revisions"}],"wp:attachment":[{"href":"https:\/\/linitiative.ca\/International\/wp-json\/wp\/v2\/media?parent=137998"}],"wp:term":[{"taxonomy":"category","embeddable":true,"href":"https:\/\/linitiative.ca\/International\/wp-json\/wp\/v2\/categories?post=137998"},{"taxonomy":"post_tag","embeddable":true,"href":"https:\/\/linitiative.ca\/International\/wp-json\/wp\/v2\/tags?post=137998"}],"curies":[{"name":"wp","href":"https:\/\/api.w.org\/{rel}","templated":true}]}}