{"id":138000,"date":"2022-01-08T05:15:46","date_gmt":"2022-01-08T10:15:46","guid":{"rendered":"https:\/\/linitiative.ca\/International\/previsions-meteorologiques-pour-le-dimanche-09-janvier-2022\/"},"modified":"2022-01-08T05:15:46","modified_gmt":"2022-01-08T10:15:46","slug":"previsions-meteorologiques-pour-le-dimanche-09-janvier-2022","status":"publish","type":"post","link":"https:\/\/linitiative.ca\/International\/previsions-meteorologiques-pour-le-dimanche-09-janvier-2022\/","title":{"rendered":"Pr\u00e9visions m\u00e9t\u00e9orologiques pour le dimanche 09 janvier 2022"},"content":{"rendered":"<div>\n<div style=\"margin-bottom:20px;\"><img loading=\"lazy\" decoding=\"async\" width=\"750\" height=\"430\" src=\"https:\/\/linitiative.ca\/International\/wp-content\/uploads\/sites\/23\/2022\/01\/nuage_mC3A9tC3A9o_ciel-1.jpg\" class=\"attachment-post-thumbnail size-post-thumbnail wp-post-image\" alt=\"\" srcset=\"https:\/\/linitiative.ca\/International\/wp-content\/uploads\/sites\/23\/2022\/01\/nuage_mC3A9tC3A9o_ciel-1.jpg 750w, https:\/\/www.mapmarrakech.ma\/map\/uploads\/2021\/11\/nuage_m\u00e9t\u00e9o_ciel-1-300x172.jpg 300w\" sizes=\"auto, (max-width: 750px) 100vw, 750px\"><\/div>\n<p>\u2013 Temps froid avec de la gel\u00e9e locale sur l\u2019Atlas, les hauts plateaux orientaux et le rif et assez froid sur l\u2019int\u00e9rieur du pays.<\/p>\n<p>\u2013 Ond\u00e9es locales sur les provinces sud.<\/p>\n<p>\u2013 Rafales de vents assez fortes sur les provinces sud avec des chasse-poussi\u00e8res fr\u00e9quentes.<\/p>\n<p>\u2013 Temp\u00e9ratures minimales de l\u2019ordre de -06\/00\u00b0C sur l\u2019atlas, le rif et le sud de l\u2019oriental, de 00\/06\u00b0C sur le sud-est, le nord de l\u2019oriental, les plateaux de phosphates et oulmes, de 04\/10\u00b0C sur les plaines int\u00e9rieures, la m\u00e9diterran\u00e9e, le tang\u00e9rois, le Gharb et les c\u00f4tes atlantiques nord, de 09\/15\u00b0C sur les c\u00f4tes centre, le Souss et le nord des provinces sud et de 15\/20\u00b0C sur l\u2019extr\u00eame sud du pays.<\/p>\n<p>\u2013 Temp\u00e9ratures du jour en hausse sur l\u2019oriental et la m\u00e9diterran\u00e9e et en baisse sur les provinces sud.<\/p>\n<p>\u2013 Mer belle \u00e0 peu agit\u00e9e en M\u00e9diterran\u00e9e, peu agit\u00e9e sur le d\u00e9troit, agit\u00e9e \u00e0 forte entre Larache et Tarfaya et peu agit\u00e9e \u00e0 agit\u00e9e ailleurs.<\/p>\n<p>The post <a rel=\"nofollow\" href=\"https:\/\/www.mapmarrakech.ma\/fr\/previsions-meteorologiques-pour-le-dimanche-09-janvier-2022\/\">Pr\u00e9visions m\u00e9t\u00e9orologiques pour le dimanche 09 janvier 2022<\/a> appeared first on <a rel=\"nofollow\" href=\"https:\/\/www.mapmarrakech.ma\/fr\">MapMarrakech<\/a>.<\/p>\n<\/div>\n<p>Auteur: Meriem IGASS<br \/>\n<a href=\"https:\/\/www.mapmarrakech.ma\/fr\/previsions-meteorologiques-pour-le-dimanche-09-janvier-2022\/\">Cliquez ici pour lire l&rsquo;article depuis sa source.<\/a><\/p>\n","protected":false},"excerpt":{"rendered":"<p>\u2013 Temps froid avec de la gel\u00e9e locale sur l\u2019Atlas, les hauts plateaux orientaux et le rif et assez froid sur l\u2019int\u00e9rieur du pays. \u2013 Ond\u00e9es locales sur les provinces sud. \u2013 Rafales de vents assez fortes sur les provinces sud avec des chasse-poussi\u00e8res fr\u00e9quentes. \u2013 Temp\u00e9ratures minimales de l\u2019ordre de -06\/00\u00b0C sur l\u2019atlas, le [&hellip;]<\/p>\n","protected":false},"author":1788,"featured_media":0,"comment_status":"closed","ping_status":"closed","sticky":false,"template":"","format":"standard","meta":{"fifu_image_url":"https:\/\/www.mapmarrakech.ma\/map\/uploads\/2021\/11\/nuage_m\u00e9t\u00e9o_ciel-1.jpg","fifu_image_alt":"Pr\u00e9visions m\u00e9t\u00e9orologiques pour le dimanche 09 janvier 2022","footnotes":""},"categories":[54,76],"tags":[],"class_list":["post-138000","post","type-post","status-publish","format-standard","hentry","category-maroc","category-regions"],"_links":{"self":[{"href":"https:\/\/linitiative.ca\/International\/wp-json\/wp\/v2\/posts\/138000","targetHints":{"allow":["GET"]}}],"collection":[{"href":"https:\/\/linitiative.ca\/International\/wp-json\/wp\/v2\/posts"}],"about":[{"href":"https:\/\/linitiative.ca\/International\/wp-json\/wp\/v2\/types\/post"}],"author":[{"embeddable":true,"href":"https:\/\/linitiative.ca\/International\/wp-json\/wp\/v2\/users\/1788"}],"replies":[{"embeddable":true,"href":"https:\/\/linitiative.ca\/International\/wp-json\/wp\/v2\/comments?post=138000"}],"version-history":[{"count":0,"href":"https:\/\/linitiative.ca\/International\/wp-json\/wp\/v2\/posts\/138000\/revisions"}],"wp:attachment":[{"href":"https:\/\/linitiative.ca\/International\/wp-json\/wp\/v2\/media?parent=138000"}],"wp:term":[{"taxonomy":"category","embeddable":true,"href":"https:\/\/linitiative.ca\/International\/wp-json\/wp\/v2\/categories?post=138000"},{"taxonomy":"post_tag","embeddable":true,"href":"https:\/\/linitiative.ca\/International\/wp-json\/wp\/v2\/tags?post=138000"}],"curies":[{"name":"wp","href":"https:\/\/api.w.org\/{rel}","templated":true}]}}