{"id":138014,"date":"2022-01-08T08:39:32","date_gmt":"2022-01-08T13:39:32","guid":{"rendered":"https:\/\/linitiative.ca\/International\/covid-19-2-millions-de-cas-par-jour-dans-le-monde\/"},"modified":"2022-01-08T08:39:32","modified_gmt":"2022-01-08T13:39:32","slug":"covid-19-2-millions-de-cas-par-jour-dans-le-monde","status":"publish","type":"post","link":"https:\/\/linitiative.ca\/International\/covid-19-2-millions-de-cas-par-jour-dans-le-monde\/","title":{"rendered":"Covid-19 : 2 millions de cas par jour dans le monde"},"content":{"rendered":"<div>\n<div class=\"field field-name-body field-type-text-with-summary field-label-hidden\">\n<div class=\"field-items\">\n<div class=\"field-item even\" property=\"content:encoded\">\n<p>Plus de 2 millions de cas quotidiens de Covid-19 ont \u00e9t\u00e9 recens\u00e9s en moyenne dans le monde sur la semaine du 1er au 7 janvier, un chiffre qui a doubl\u00e9 en dix jours, selon un comptage de l&rsquo;AFP.<\/p>\n<\/div>\n<\/div>\n<\/div>\n<\/div>\n<p>Auteur: mbasraoui<br \/>\n<a href=\"https:\/\/www.leconomiste.com\/flash-infos\/covid-19-2-millions-de-cas-par-jour-dans-le-monde\">Cliquez ici pour lire l&rsquo;article depuis sa source.<\/a><\/p>\n","protected":false},"excerpt":{"rendered":"<p>Plus de 2 millions de cas quotidiens de Covid-19 ont \u00e9t\u00e9 recens\u00e9s en moyenne dans le monde sur la semaine du 1er au 7 janvier, un chiffre qui a doubl\u00e9 en dix jours, selon un comptage de l&rsquo;AFP. Auteur: mbasraoui Cliquez ici pour lire l&rsquo;article depuis sa source.<\/p>\n","protected":false},"author":1763,"featured_media":0,"comment_status":"closed","ping_status":"closed","sticky":false,"template":"","format":"standard","meta":{"fifu_image_url":"","fifu_image_alt":"","footnotes":""},"categories":[78,54],"tags":[],"class_list":["post-138014","post","type-post","status-publish","format-standard","hentry","category-economie","category-maroc"],"_links":{"self":[{"href":"https:\/\/linitiative.ca\/International\/wp-json\/wp\/v2\/posts\/138014","targetHints":{"allow":["GET"]}}],"collection":[{"href":"https:\/\/linitiative.ca\/International\/wp-json\/wp\/v2\/posts"}],"about":[{"href":"https:\/\/linitiative.ca\/International\/wp-json\/wp\/v2\/types\/post"}],"author":[{"embeddable":true,"href":"https:\/\/linitiative.ca\/International\/wp-json\/wp\/v2\/users\/1763"}],"replies":[{"embeddable":true,"href":"https:\/\/linitiative.ca\/International\/wp-json\/wp\/v2\/comments?post=138014"}],"version-history":[{"count":0,"href":"https:\/\/linitiative.ca\/International\/wp-json\/wp\/v2\/posts\/138014\/revisions"}],"wp:attachment":[{"href":"https:\/\/linitiative.ca\/International\/wp-json\/wp\/v2\/media?parent=138014"}],"wp:term":[{"taxonomy":"category","embeddable":true,"href":"https:\/\/linitiative.ca\/International\/wp-json\/wp\/v2\/categories?post=138014"},{"taxonomy":"post_tag","embeddable":true,"href":"https:\/\/linitiative.ca\/International\/wp-json\/wp\/v2\/tags?post=138014"}],"curies":[{"name":"wp","href":"https:\/\/api.w.org\/{rel}","templated":true}]}}