{"id":138016,"date":"2022-01-08T12:10:15","date_gmt":"2022-01-08T17:10:15","guid":{"rendered":"https:\/\/linitiative.ca\/International\/can-2021-la-var-deployee-pour-tous-les-52-matchs\/"},"modified":"2022-01-08T12:10:15","modified_gmt":"2022-01-08T17:10:15","slug":"can-2021-la-var-deployee-pour-tous-les-52-matchs","status":"publish","type":"post","link":"https:\/\/linitiative.ca\/International\/can-2021-la-var-deployee-pour-tous-les-52-matchs\/","title":{"rendered":"CAN 2021: La VAR d\u00e9ploy\u00e9e pour tous les 52 matchs"},"content":{"rendered":"<div>\n<div class=\"field field-name-body field-type-text-with-summary field-label-hidden\">\n<div class=\"field-items\">\n<div class=\"field-item even\" property=\"content:encoded\">\n<p class=\"rtejustify\">Tous les 52 matchs de la 33-\u00e8me \u00e9dition de la coupe d&rsquo;Afrique des Nations, qui se d\u00e9roule du 9 janvier au 6 f\u00e9vrier 2022, seront couverts par l&rsquo;assistance vid\u00e9o \u00e0 l&rsquo;arbitrage \u00ab\u00a0VAR\u00a0\u00bb, une premi\u00e8re dans l&rsquo;histoire de cette comp\u00e9tition, a indiqu\u00e9 dans un communiqu\u00e9 la Conf\u00e9d\u00e9ration africaine de football (CAF).<\/p>\n<\/div>\n<\/div>\n<\/div>\n<\/div>\n<p>Auteur: mbasraoui<br \/>\n<a href=\"https:\/\/www.leconomiste.com\/flash-infos\/can-2021-la-var-deployee-pour-tous-les-52-matchs\">Cliquez ici pour lire l&rsquo;article depuis sa source.<\/a><\/p>\n","protected":false},"excerpt":{"rendered":"<p>Tous les 52 matchs de la 33-\u00e8me \u00e9dition de la coupe d&rsquo;Afrique des Nations, qui se d\u00e9roule du 9 janvier au 6 f\u00e9vrier 2022, seront couverts par l&rsquo;assistance vid\u00e9o \u00e0 l&rsquo;arbitrage \u00ab\u00a0VAR\u00a0\u00bb, une premi\u00e8re dans l&rsquo;histoire de cette comp\u00e9tition, a indiqu\u00e9 dans un communiqu\u00e9 la Conf\u00e9d\u00e9ration africaine de football (CAF). Auteur: mbasraoui Cliquez ici pour [&hellip;]<\/p>\n","protected":false},"author":1763,"featured_media":0,"comment_status":"closed","ping_status":"closed","sticky":false,"template":"","format":"standard","meta":{"fifu_image_url":"","fifu_image_alt":"","footnotes":""},"categories":[78,54],"tags":[],"class_list":["post-138016","post","type-post","status-publish","format-standard","hentry","category-economie","category-maroc"],"_links":{"self":[{"href":"https:\/\/linitiative.ca\/International\/wp-json\/wp\/v2\/posts\/138016","targetHints":{"allow":["GET"]}}],"collection":[{"href":"https:\/\/linitiative.ca\/International\/wp-json\/wp\/v2\/posts"}],"about":[{"href":"https:\/\/linitiative.ca\/International\/wp-json\/wp\/v2\/types\/post"}],"author":[{"embeddable":true,"href":"https:\/\/linitiative.ca\/International\/wp-json\/wp\/v2\/users\/1763"}],"replies":[{"embeddable":true,"href":"https:\/\/linitiative.ca\/International\/wp-json\/wp\/v2\/comments?post=138016"}],"version-history":[{"count":0,"href":"https:\/\/linitiative.ca\/International\/wp-json\/wp\/v2\/posts\/138016\/revisions"}],"wp:attachment":[{"href":"https:\/\/linitiative.ca\/International\/wp-json\/wp\/v2\/media?parent=138016"}],"wp:term":[{"taxonomy":"category","embeddable":true,"href":"https:\/\/linitiative.ca\/International\/wp-json\/wp\/v2\/categories?post=138016"},{"taxonomy":"post_tag","embeddable":true,"href":"https:\/\/linitiative.ca\/International\/wp-json\/wp\/v2\/tags?post=138016"}],"curies":[{"name":"wp","href":"https:\/\/api.w.org\/{rel}","templated":true}]}}