{"id":138017,"date":"2022-01-08T04:08:00","date_gmt":"2022-01-08T09:08:00","guid":{"rendered":"https:\/\/linitiative.ca\/International\/qualifs-mondial-2022-afrique-la-date-pour-le-tirage-au-sort-des-barrages-est-connue\/"},"modified":"2022-01-08T04:08:00","modified_gmt":"2022-01-08T09:08:00","slug":"qualifs-mondial-2022-afrique-la-date-pour-le-tirage-au-sort-des-barrages-est-connue","status":"publish","type":"post","link":"https:\/\/linitiative.ca\/International\/qualifs-mondial-2022-afrique-la-date-pour-le-tirage-au-sort-des-barrages-est-connue\/","title":{"rendered":"Qualifs Mondial 2022 (Afrique) : La date pour le tirage au sort des barrages est connue"},"content":{"rendered":"<div>Si la CAN d\u00e9bute ce dimanche, certaines \u00e9quipes africaines devront tr\u00e8s vite se remettre dans le bain apr\u00e8s la comp\u00e9tition continentale<\/div>\n<p>Auteur:<br \/>\n<a href=\"https:\/\/www.lebuteur.com\/article\/detail?titre=qualifs-mondial-2022-afrique-la-date-pour-le-tirage-au-sort-des-barrages-est-connue&#038;id=102007\">Cliquez ici pour lire l&rsquo;article depuis sa source.<\/a><\/p>\n","protected":false},"excerpt":{"rendered":"<p>Si la CAN d\u00e9bute ce dimanche, certaines \u00e9quipes africaines devront tr\u00e8s vite se remettre dans le bain apr\u00e8s la comp\u00e9tition continentale Auteur: Cliquez ici pour lire l&rsquo;article depuis sa source.<\/p>\n","protected":false},"author":1738,"featured_media":0,"comment_status":"closed","ping_status":"closed","sticky":false,"template":"","format":"standard","meta":{"fifu_image_url":"","fifu_image_alt":"","footnotes":""},"categories":[53,75],"tags":[],"class_list":["post-138017","post","type-post","status-publish","format-standard","hentry","category-algerie","category-sport"],"_links":{"self":[{"href":"https:\/\/linitiative.ca\/International\/wp-json\/wp\/v2\/posts\/138017","targetHints":{"allow":["GET"]}}],"collection":[{"href":"https:\/\/linitiative.ca\/International\/wp-json\/wp\/v2\/posts"}],"about":[{"href":"https:\/\/linitiative.ca\/International\/wp-json\/wp\/v2\/types\/post"}],"author":[{"embeddable":true,"href":"https:\/\/linitiative.ca\/International\/wp-json\/wp\/v2\/users\/1738"}],"replies":[{"embeddable":true,"href":"https:\/\/linitiative.ca\/International\/wp-json\/wp\/v2\/comments?post=138017"}],"version-history":[{"count":0,"href":"https:\/\/linitiative.ca\/International\/wp-json\/wp\/v2\/posts\/138017\/revisions"}],"wp:attachment":[{"href":"https:\/\/linitiative.ca\/International\/wp-json\/wp\/v2\/media?parent=138017"}],"wp:term":[{"taxonomy":"category","embeddable":true,"href":"https:\/\/linitiative.ca\/International\/wp-json\/wp\/v2\/categories?post=138017"},{"taxonomy":"post_tag","embeddable":true,"href":"https:\/\/linitiative.ca\/International\/wp-json\/wp\/v2\/tags?post=138017"}],"curies":[{"name":"wp","href":"https:\/\/api.w.org\/{rel}","templated":true}]}}