{"id":138020,"date":"2022-01-08T14:09:00","date_gmt":"2022-01-08T19:09:00","guid":{"rendered":"https:\/\/linitiative.ca\/International\/can-2021-deux-joueurs-importants-du-senegal-touches-par-le-covid\/"},"modified":"2022-01-08T14:09:00","modified_gmt":"2022-01-08T19:09:00","slug":"can-2021-deux-joueurs-importants-du-senegal-touches-par-le-covid","status":"publish","type":"post","link":"https:\/\/linitiative.ca\/International\/can-2021-deux-joueurs-importants-du-senegal-touches-par-le-covid\/","title":{"rendered":"CAN 2021 : Deux joueurs importants du S\u00e9n\u00e9gal touch\u00e9s par le Covid"},"content":{"rendered":"<div>Trois joueurs ont \u00e9t\u00e9 plac\u00e9s \u00e0 l&rsquo;isolement&#8230;<\/div>\n<p>Auteur:<br \/>\n<a href=\"https:\/\/www.lebuteur.com\/article\/detail?titre=can-2021-deux-joueurs-importants-du-senegal-touches-par-le-covid&#038;id=102010\">Cliquez ici pour lire l&rsquo;article depuis sa source.<\/a><\/p>\n","protected":false},"excerpt":{"rendered":"<p>Trois joueurs ont \u00e9t\u00e9 plac\u00e9s \u00e0 l&rsquo;isolement&#8230; Auteur: Cliquez ici pour lire l&rsquo;article depuis sa source.<\/p>\n","protected":false},"author":1738,"featured_media":0,"comment_status":"closed","ping_status":"closed","sticky":false,"template":"","format":"standard","meta":{"fifu_image_url":"","fifu_image_alt":"","footnotes":""},"categories":[53,75],"tags":[],"class_list":["post-138020","post","type-post","status-publish","format-standard","hentry","category-algerie","category-sport"],"_links":{"self":[{"href":"https:\/\/linitiative.ca\/International\/wp-json\/wp\/v2\/posts\/138020","targetHints":{"allow":["GET"]}}],"collection":[{"href":"https:\/\/linitiative.ca\/International\/wp-json\/wp\/v2\/posts"}],"about":[{"href":"https:\/\/linitiative.ca\/International\/wp-json\/wp\/v2\/types\/post"}],"author":[{"embeddable":true,"href":"https:\/\/linitiative.ca\/International\/wp-json\/wp\/v2\/users\/1738"}],"replies":[{"embeddable":true,"href":"https:\/\/linitiative.ca\/International\/wp-json\/wp\/v2\/comments?post=138020"}],"version-history":[{"count":0,"href":"https:\/\/linitiative.ca\/International\/wp-json\/wp\/v2\/posts\/138020\/revisions"}],"wp:attachment":[{"href":"https:\/\/linitiative.ca\/International\/wp-json\/wp\/v2\/media?parent=138020"}],"wp:term":[{"taxonomy":"category","embeddable":true,"href":"https:\/\/linitiative.ca\/International\/wp-json\/wp\/v2\/categories?post=138020"},{"taxonomy":"post_tag","embeddable":true,"href":"https:\/\/linitiative.ca\/International\/wp-json\/wp\/v2\/tags?post=138020"}],"curies":[{"name":"wp","href":"https:\/\/api.w.org\/{rel}","templated":true}]}}