{"id":138022,"date":"2022-01-08T03:00:00","date_gmt":"2022-01-08T08:00:00","guid":{"rendered":"https:\/\/linitiative.ca\/International\/ceramique-dart-formes-et-eclat-un-evenement-devenu-une-tradition-album-photos\/"},"modified":"2022-01-08T03:00:00","modified_gmt":"2022-01-08T08:00:00","slug":"ceramique-dart-formes-et-eclat-un-evenement-devenu-une-tradition-album-photos","status":"publish","type":"post","link":"https:\/\/linitiative.ca\/International\/ceramique-dart-formes-et-eclat-un-evenement-devenu-une-tradition-album-photos\/","title":{"rendered":"C\u00e9ramique d\u2019art: Formes et \u00e9clat: un \u00e9v\u00e8nement devenu une tradition (Album photos)"},"content":{"rendered":"<div><img decoding=\"async\" src=\"https:\/\/linitiative.ca\/International\/wp-content\/uploads\/sites\/23\/2022\/01\/1641547375_article.jpg\" alt=\"C\u00e9ramique d\u2019art: Formes et \u00e9clat\" align=\"left\">Le rendez-vous est devenu une grande tradition, \u00e0 chaque fin d\u2019ann\u00e9e. L\u2019expo-vente du Centre national de la c\u00e9ramique d\u2019art Sidi Kacem Jelizi (CNAC) est un moment privil\u00e9gi\u00e9 pour d\u00e9couvrir de magnifiques cr\u00e9ations et de nouveaux talents. Pas moins de 300 pi\u00e8ces ont enrichi l\u2019\u00e9dition 2021. Les th\u00e8mes sont divers, les formes diff\u00e9rentes, et les couleurs proviennent d\u2019une large palette, en tout \u00e9clat.<\/p>\n<p>Ouvert aux amateurs, \u00e0 ceux qui veulent se former et aux visiteurs passionn\u00e9s, le Centre, s\u2019appr\u00eate \u00e0 c\u00e9l\u00e9brer cette ann\u00e9e son vingti\u00e8me anniversaire. Son directeur, Mohamed Hachicha, qui se d\u00e9ploie avec \u00e9nergie \u00e0 la t\u00eate d\u2019une \u00e9quipe r\u00e9duite mais tr\u00e8s &#8230;<\/p>\n<\/div>\n<p>Auteur:<br \/>\n<a href=\"https:\/\/www.leaders.com.tn\/article\/32845-ceramique-d-art-formes-et-eclat-un-evenement-devenu-une-tradition-album-photos\">Cliquez ici pour lire l&rsquo;article depuis sa source.<\/a><\/p>\n","protected":false},"excerpt":{"rendered":"<p>Le rendez-vous est devenu une grande tradition, \u00e0 chaque fin d\u2019ann\u00e9e. L\u2019expo-vente du Centre national de la c\u00e9ramique d\u2019art Sidi Kacem Jelizi (CNAC) est un moment privil\u00e9gi\u00e9 pour d\u00e9couvrir de magnifiques cr\u00e9ations et de nouveaux talents. Pas moins de 300 pi\u00e8ces ont enrichi l\u2019\u00e9dition 2021. Les th\u00e8mes sont divers, les formes diff\u00e9rentes, et les couleurs [&hellip;]<\/p>\n","protected":false},"author":1772,"featured_media":0,"comment_status":"closed","ping_status":"closed","sticky":false,"template":"","format":"standard","meta":{"fifu_image_url":"http:\/\/www.leaders.com.tn\/uploads\/content\/thumbnails_small\/1641547375_article.jpg","fifu_image_alt":"C\u00e9ramique d\u2019art: Formes et \u00e9clat: un \u00e9v\u00e8nement devenu une tradition (Album photos)","footnotes":""},"categories":[73,55],"tags":[],"class_list":["post-138022","post","type-post","status-publish","format-standard","hentry","category-actualite","category-tunisie"],"_links":{"self":[{"href":"https:\/\/linitiative.ca\/International\/wp-json\/wp\/v2\/posts\/138022","targetHints":{"allow":["GET"]}}],"collection":[{"href":"https:\/\/linitiative.ca\/International\/wp-json\/wp\/v2\/posts"}],"about":[{"href":"https:\/\/linitiative.ca\/International\/wp-json\/wp\/v2\/types\/post"}],"author":[{"embeddable":true,"href":"https:\/\/linitiative.ca\/International\/wp-json\/wp\/v2\/users\/1772"}],"replies":[{"embeddable":true,"href":"https:\/\/linitiative.ca\/International\/wp-json\/wp\/v2\/comments?post=138022"}],"version-history":[{"count":0,"href":"https:\/\/linitiative.ca\/International\/wp-json\/wp\/v2\/posts\/138022\/revisions"}],"wp:attachment":[{"href":"https:\/\/linitiative.ca\/International\/wp-json\/wp\/v2\/media?parent=138022"}],"wp:term":[{"taxonomy":"category","embeddable":true,"href":"https:\/\/linitiative.ca\/International\/wp-json\/wp\/v2\/categories?post=138022"},{"taxonomy":"post_tag","embeddable":true,"href":"https:\/\/linitiative.ca\/International\/wp-json\/wp\/v2\/tags?post=138022"}],"curies":[{"name":"wp","href":"https:\/\/api.w.org\/{rel}","templated":true}]}}