{"id":138024,"date":"2022-01-08T04:30:00","date_gmt":"2022-01-08T09:30:00","guid":{"rendered":"https:\/\/linitiative.ca\/International\/tunisie-de-lincertain-a-labsurde\/"},"modified":"2022-01-08T04:30:00","modified_gmt":"2022-01-08T09:30:00","slug":"tunisie-de-lincertain-a-labsurde","status":"publish","type":"post","link":"https:\/\/linitiative.ca\/International\/tunisie-de-lincertain-a-labsurde\/","title":{"rendered":"Tunisie: De l\u2019incertain \u00e0 l\u2019absurde"},"content":{"rendered":"<div><img decoding=\"async\" src=\"https:\/\/linitiative.ca\/International\/wp-content\/uploads\/sites\/23\/2022\/01\/1641564828_article.jpg\" alt=\"Tunisie: De l\u2019incertain \u00e0 l\u2019absurde\" align=\"left\">Par Riadh Zghal &#8211; Lorsque l\u2019esprit tente de d\u00e9chiffrer la situation actuelle du pays, il est envahi par le souvenir du th\u00e9\u00e2tre de l\u2019absurde de Taoufik Jbali \u00ab\u0643\u0644\u0627\u0645 \u0627\u0644\u0644\u064a\u0644\u00bb o\u00f9 l\u2019association de mots \u00e9vacue toute rationalit\u00e9 et o\u00f9 des personnages entrent dans une querelle sans fin, parce qu\u2019ils ne s\u2019entendent pas sur le nom donn\u00e9 \u00e0 une esp\u00e8ce de l\u00e9gume ! Mais klem Ellil c\u2019\u00e9tait pour rire et la situation du pays g\u00e9n\u00e8re plut\u00f4t amertume et angoisse, on ne rit plus.<br \/>\nApr\u00e8s le soul\u00e8vement de 2010-2011, l\u2019av\u00e8nement d\u2019une nouvelle classe politique et les troubles qui l\u2019ont accompagn\u00e9, on \u00e9tait dans l\u2019incertitude, les espoirs \u00e9taient permis et &#8230;<\/p>\n<\/div>\n<p>Auteur:<br \/>\n<a href=\"https:\/\/www.leaders.com.tn\/article\/32847-tunisie-de-l-incertain-a-l-absurde\">Cliquez ici pour lire l&rsquo;article depuis sa source.<\/a><\/p>\n","protected":false},"excerpt":{"rendered":"<p>Par Riadh Zghal &#8211; Lorsque l\u2019esprit tente de d\u00e9chiffrer la situation actuelle du pays, il est envahi par le souvenir du th\u00e9\u00e2tre de l\u2019absurde de Taoufik Jbali \u00ab\u0643\u0644\u0627\u0645 \u0627\u0644\u0644\u064a\u0644\u00bb o\u00f9 l\u2019association de mots \u00e9vacue toute rationalit\u00e9 et o\u00f9 des personnages entrent dans une querelle sans fin, parce qu\u2019ils ne s\u2019entendent pas sur le nom donn\u00e9 [&hellip;]<\/p>\n","protected":false},"author":1772,"featured_media":0,"comment_status":"closed","ping_status":"closed","sticky":false,"template":"","format":"standard","meta":{"fifu_image_url":"http:\/\/www.leaders.com.tn\/uploads\/content\/thumbnails_small\/1641564828_article.jpg","fifu_image_alt":"Tunisie: De l\u2019incertain \u00e0 l\u2019absurde","footnotes":""},"categories":[73,55],"tags":[],"class_list":["post-138024","post","type-post","status-publish","format-standard","hentry","category-actualite","category-tunisie"],"_links":{"self":[{"href":"https:\/\/linitiative.ca\/International\/wp-json\/wp\/v2\/posts\/138024","targetHints":{"allow":["GET"]}}],"collection":[{"href":"https:\/\/linitiative.ca\/International\/wp-json\/wp\/v2\/posts"}],"about":[{"href":"https:\/\/linitiative.ca\/International\/wp-json\/wp\/v2\/types\/post"}],"author":[{"embeddable":true,"href":"https:\/\/linitiative.ca\/International\/wp-json\/wp\/v2\/users\/1772"}],"replies":[{"embeddable":true,"href":"https:\/\/linitiative.ca\/International\/wp-json\/wp\/v2\/comments?post=138024"}],"version-history":[{"count":0,"href":"https:\/\/linitiative.ca\/International\/wp-json\/wp\/v2\/posts\/138024\/revisions"}],"wp:attachment":[{"href":"https:\/\/linitiative.ca\/International\/wp-json\/wp\/v2\/media?parent=138024"}],"wp:term":[{"taxonomy":"category","embeddable":true,"href":"https:\/\/linitiative.ca\/International\/wp-json\/wp\/v2\/categories?post=138024"},{"taxonomy":"post_tag","embeddable":true,"href":"https:\/\/linitiative.ca\/International\/wp-json\/wp\/v2\/tags?post=138024"}],"curies":[{"name":"wp","href":"https:\/\/api.w.org\/{rel}","templated":true}]}}