{"id":138034,"date":"2022-01-08T15:47:05","date_gmt":"2022-01-08T20:47:05","guid":{"rendered":"https:\/\/linitiative.ca\/International\/note-le-nombre-de-cas-de-violations-du-droit-a-leau-a-double-en-2021\/"},"modified":"2022-01-08T15:47:05","modified_gmt":"2022-01-08T20:47:05","slug":"note-le-nombre-de-cas-de-violations-du-droit-a-leau-a-double-en-2021","status":"publish","type":"post","link":"https:\/\/linitiative.ca\/International\/note-le-nombre-de-cas-de-violations-du-droit-a-leau-a-double-en-2021\/","title":{"rendered":"Note : Le nombre de cas de violations du droit \u00e0 l\u2019eau a doubl\u00e9 en 2021"},"content":{"rendered":"<div>\n<p>Selon une note publi\u00e9e cette semaine par l\u2019Observatoire Tunisien de l\u2019Eau (OTE), sur les violations du droit \u00e0 l\u2019eau en Tunisie, le nombre de signalements citoyens concernant les coupures d\u2019eau non d\u00e9clar\u00e9es par la Soci\u00e9t\u00e9 Nationale d\u2019Exploitation et de Distribution des Eaux (SONEDE), les fuites dans le r\u00e9seau et les mouvements de protestation pour non [\u2026]<\/p>\n<p>L\u2019article <a href=\"https:\/\/www.tunisienumerique.com\/note-le-nombre-de-cas-de-violations-du-droit-a-leau-a-double-en-2021\/\">Note : Le nombre de cas de violations du droit \u00e0 l\u2019eau a doubl\u00e9 en 2021<\/a> est apparu en premier sur <a href=\"https:\/\/www.tunisienumerique.com\/\">Tunisie<\/a>.<\/p>\n<\/div>\n<p>Auteur: Mohamed Ben Abderrazek<br \/>\n<a href=\"https:\/\/www.tunisienumerique.com\/note-le-nombre-de-cas-de-violations-du-droit-a-leau-a-double-en-2021\/\">Cliquez ici pour lire l&rsquo;article depuis sa source.<\/a><\/p>\n","protected":false},"excerpt":{"rendered":"<p>Selon une note publi\u00e9e cette semaine par l\u2019Observatoire Tunisien de l\u2019Eau (OTE), sur les violations du droit \u00e0 l\u2019eau en Tunisie, le nombre de signalements citoyens concernant les coupures d\u2019eau non d\u00e9clar\u00e9es par la Soci\u00e9t\u00e9 Nationale d\u2019Exploitation et de Distribution des Eaux (SONEDE), les fuites dans le r\u00e9seau et les mouvements de protestation pour non [&hellip;]<\/p>\n","protected":false},"author":1789,"featured_media":0,"comment_status":"closed","ping_status":"closed","sticky":false,"template":"","format":"standard","meta":{"fifu_image_url":"","fifu_image_alt":"","footnotes":""},"categories":[73,55],"tags":[],"class_list":["post-138034","post","type-post","status-publish","format-standard","hentry","category-actualite","category-tunisie"],"_links":{"self":[{"href":"https:\/\/linitiative.ca\/International\/wp-json\/wp\/v2\/posts\/138034","targetHints":{"allow":["GET"]}}],"collection":[{"href":"https:\/\/linitiative.ca\/International\/wp-json\/wp\/v2\/posts"}],"about":[{"href":"https:\/\/linitiative.ca\/International\/wp-json\/wp\/v2\/types\/post"}],"author":[{"embeddable":true,"href":"https:\/\/linitiative.ca\/International\/wp-json\/wp\/v2\/users\/1789"}],"replies":[{"embeddable":true,"href":"https:\/\/linitiative.ca\/International\/wp-json\/wp\/v2\/comments?post=138034"}],"version-history":[{"count":0,"href":"https:\/\/linitiative.ca\/International\/wp-json\/wp\/v2\/posts\/138034\/revisions"}],"wp:attachment":[{"href":"https:\/\/linitiative.ca\/International\/wp-json\/wp\/v2\/media?parent=138034"}],"wp:term":[{"taxonomy":"category","embeddable":true,"href":"https:\/\/linitiative.ca\/International\/wp-json\/wp\/v2\/categories?post=138034"},{"taxonomy":"post_tag","embeddable":true,"href":"https:\/\/linitiative.ca\/International\/wp-json\/wp\/v2\/tags?post=138034"}],"curies":[{"name":"wp","href":"https:\/\/api.w.org\/{rel}","templated":true}]}}