{"id":138036,"date":"2022-01-08T06:32:31","date_gmt":"2022-01-08T11:32:31","guid":{"rendered":"https:\/\/linitiative.ca\/International\/can-2021-nous-avons-observe-le-jeu-du-burkina-une-equipe-forte-et-physiquement-au-top-selectionneur-camerounais\/"},"modified":"2022-01-08T06:32:31","modified_gmt":"2022-01-08T11:32:31","slug":"can-2021-nous-avons-observe-le-jeu-du-burkina-une-equipe-forte-et-physiquement-au-top-selectionneur-camerounais","status":"publish","type":"post","link":"https:\/\/linitiative.ca\/International\/can-2021-nous-avons-observe-le-jeu-du-burkina-une-equipe-forte-et-physiquement-au-top-selectionneur-camerounais\/","title":{"rendered":"Can 2021\u00a0: \u00ab\u00a0Nous avons observ\u00e9 le jeu du Burkina, une \u00e9quipe forte et physiquement au top\u2026\u00a0\u00bb, s\u00e9lectionneur camerounais"},"content":{"rendered":"<div>\n<p><b>L\u2019\u00e9quipe nationale du Cameroun a anim\u00e9 une conf\u00e9rence de presse ce samedi 8 janvier 2021 \u00e0 la veille de son match contre le Burkina en l\u2019ouverture de la 33<\/b><sup style=\"font-weight: bold\">e<\/sup><b> \u00e9dition de la Coupe d\u2019Afrique des nations (CAN) pr\u00e9vu pour ce dimanche 9 janvier.<\/b><\/p>\n<p>Le s\u00e9lectionneur national du Cameroun Antonio Concei\u00e7ao\u00a0 a dit lors de cette conf\u00e9rence de presse \u00eatre confiant quant \u00e0 un bon r\u00e9sultat des siens demain. \u00ab\u00a0Je participe \u00e0 ma premi\u00e8re CAN avec pour objectif d\u2019y rester jusqu\u2019au 6 f\u00e9vrier, jour de la finale de cette 33e \u00e9dition. Nous avons observ\u00e9 le jeu du Burkina, une \u00e9quipe forte et physiquement au top. C\u2019est \u00e0 nous de jouer \u00e0 notre niveau en faisant fi des \u00e9motions autour du match\u00a0\u00bb a-t-il d\u00e9clar\u00e9.<\/p>\n<p>\u00a0<\/p>\n<p>Y.O<\/p>\n<p>L\u2019article <a rel=\"nofollow\" href=\"https:\/\/www.sidwaya.info\/blog\/2022\/01\/08\/can-2021-nous-avons-observe-le-jeu-du-burkina-une-equipe-forte-et-physiquement-au-top\/\">Can 2021\u00a0: \u00ab\u00a0Nous avons observ\u00e9 le jeu du Burkina, une \u00e9quipe forte et physiquement au top\u2026\u00a0\u00bb, s\u00e9lectionneur camerounais<\/a> est apparu en premier sur <a rel=\"nofollow\" href=\"https:\/\/www.sidwaya.info\/\">Quotidien Sidwaya<\/a>.<\/p>\n<\/div>\n<p>Auteur: BS. Sidwaya<br \/>\n<a href=\"https:\/\/www.sidwaya.info\/blog\/2022\/01\/08\/can-2021-nous-avons-observe-le-jeu-du-burkina-une-equipe-forte-et-physiquement-au-top\/?utm_source=rss&#038;utm_medium=rss&#038;utm_campaign=can-2021-nous-avons-observe-le-jeu-du-burkina-une-equipe-forte-et-physiquement-au-top\">Cliquez ici pour lire l&rsquo;article depuis sa source.<\/a><\/p>\n","protected":false},"excerpt":{"rendered":"<p>L\u2019\u00e9quipe nationale du Cameroun a anim\u00e9 une conf\u00e9rence de presse ce samedi 8 janvier 2021 \u00e0 la veille de son match contre le Burkina en l\u2019ouverture de la 33e \u00e9dition de la Coupe d\u2019Afrique des nations (CAN) pr\u00e9vu pour ce dimanche 9 janvier. Le s\u00e9lectionneur national du Cameroun Antonio Concei\u00e7ao\u00a0 a dit lors de cette [&hellip;]<\/p>\n","protected":false},"author":1816,"featured_media":0,"comment_status":"closed","ping_status":"closed","sticky":false,"template":"","format":"standard","meta":{"fifu_image_url":"","fifu_image_alt":"","footnotes":""},"categories":[73,81],"tags":[],"class_list":["post-138036","post","type-post","status-publish","format-standard","hentry","category-actualite","category-burkina-faso"],"_links":{"self":[{"href":"https:\/\/linitiative.ca\/International\/wp-json\/wp\/v2\/posts\/138036","targetHints":{"allow":["GET"]}}],"collection":[{"href":"https:\/\/linitiative.ca\/International\/wp-json\/wp\/v2\/posts"}],"about":[{"href":"https:\/\/linitiative.ca\/International\/wp-json\/wp\/v2\/types\/post"}],"author":[{"embeddable":true,"href":"https:\/\/linitiative.ca\/International\/wp-json\/wp\/v2\/users\/1816"}],"replies":[{"embeddable":true,"href":"https:\/\/linitiative.ca\/International\/wp-json\/wp\/v2\/comments?post=138036"}],"version-history":[{"count":0,"href":"https:\/\/linitiative.ca\/International\/wp-json\/wp\/v2\/posts\/138036\/revisions"}],"wp:attachment":[{"href":"https:\/\/linitiative.ca\/International\/wp-json\/wp\/v2\/media?parent=138036"}],"wp:term":[{"taxonomy":"category","embeddable":true,"href":"https:\/\/linitiative.ca\/International\/wp-json\/wp\/v2\/categories?post=138036"},{"taxonomy":"post_tag","embeddable":true,"href":"https:\/\/linitiative.ca\/International\/wp-json\/wp\/v2\/tags?post=138036"}],"curies":[{"name":"wp","href":"https:\/\/api.w.org\/{rel}","templated":true}]}}