{"id":138037,"date":"2022-01-08T07:11:53","date_gmt":"2022-01-08T12:11:53","guid":{"rendered":"https:\/\/linitiative.ca\/International\/can-2021-covid-19-cinq-joueurs-les-entraineurs-kamou-malo-et-alain-nana-testes-positifs-bertrand-traore-denonce-une-manipulation\/"},"modified":"2022-01-08T07:11:53","modified_gmt":"2022-01-08T12:11:53","slug":"can-2021-covid-19-cinq-joueurs-les-entraineurs-kamou-malo-et-alain-nana-testes-positifs-bertrand-traore-denonce-une-manipulation","status":"publish","type":"post","link":"https:\/\/linitiative.ca\/International\/can-2021-covid-19-cinq-joueurs-les-entraineurs-kamou-malo-et-alain-nana-testes-positifs-bertrand-traore-denonce-une-manipulation\/","title":{"rendered":"CAN 2021\/COVID-19\u00a0: cinq joueurs,\u00a0les entraineurs Kamou Malo et Alain Nana, test\u00e9s positifs, Bertrand Traor\u00e9 d\u00e9nonce une manipulation"},"content":{"rendered":"<div>\n<p>Le capitaine des Etalons, Bertrand Traor\u00e9 a au cours d\u2019une conf\u00e9rence de presse anim\u00e9e ce samedi 2022\u00a0 au Cameroun, interpell\u00e9 les autorit\u00e9s du football africain sur cette forte odeur de manipulation sur les tests COVID-19 op\u00e9r\u00e9e sur les joueurs burkinab\u00e8. En effet, des tests op\u00e9r\u00e9s par une \u00e9quipe m\u00e9dicale venue \u00e0 l\u2019h\u00f4tel des joueurs \u00e0 23h auraient d\u00e9tect\u00e9 des cas positifs sur les joueurs Edmond Tapsoba, Dango Ouattara, Oula Abass Traor\u00e9, Saidou Simpor\u00e9, Souma\u00efla Ouattara, les entra\u00eeneurs Kamou Malo et Alain Nana. \u00ab\u00a0Ils nous fait des tests antig\u00e9niques et non PCR.\u00a0 Pourquoi cela et avec deux groupes m\u00e9dicaux dont le premier n\u2019\u00e9tait pas reconnu par la CAF, nous voulons des explications\u00a0\u00bb s\u2019est d\u00e9sol\u00e9 Bertrand Traor\u00e9.<\/p>\n<p>Y.O<\/p>\n<p>L\u2019article <a rel=\"nofollow\" href=\"https:\/\/www.sidwaya.info\/blog\/2022\/01\/08\/can-2021-covid-19-cinq-joueurs-kamou-malo-et-alain-nana-testes-positifs-bertrand-traore-denonce-une-manipulation\/\">CAN 2021\/COVID-19\u00a0: cinq joueurs,\u00a0les entraineurs Kamou Malo et Alain Nana, test\u00e9s positifs, Bertrand Traor\u00e9 d\u00e9nonce une manipulation<\/a> est apparu en premier sur <a rel=\"nofollow\" href=\"https:\/\/www.sidwaya.info\/\">Quotidien Sidwaya<\/a>.<\/p>\n<\/div>\n<p>Auteur: BS. Sidwaya<br \/>\n<a href=\"https:\/\/www.sidwaya.info\/blog\/2022\/01\/08\/can-2021-covid-19-cinq-joueurs-kamou-malo-et-alain-nana-testes-positifs-bertrand-traore-denonce-une-manipulation\/?utm_source=rss&#038;utm_medium=rss&#038;utm_campaign=can-2021-covid-19-cinq-joueurs-kamou-malo-et-alain-nana-testes-positifs-bertrand-traore-denonce-une-manipulation\">Cliquez ici pour lire l&rsquo;article depuis sa source.<\/a><\/p>\n","protected":false},"excerpt":{"rendered":"<p>Le capitaine des Etalons, Bertrand Traor\u00e9 a au cours d\u2019une conf\u00e9rence de presse anim\u00e9e ce samedi 2022\u00a0 au Cameroun, interpell\u00e9 les autorit\u00e9s du football africain sur cette forte odeur de manipulation sur les tests COVID-19 op\u00e9r\u00e9e sur les joueurs burkinab\u00e8. En effet, des tests op\u00e9r\u00e9s par une \u00e9quipe m\u00e9dicale venue \u00e0 l\u2019h\u00f4tel des joueurs \u00e0 [&hellip;]<\/p>\n","protected":false},"author":1816,"featured_media":0,"comment_status":"closed","ping_status":"closed","sticky":false,"template":"","format":"standard","meta":{"fifu_image_url":"","fifu_image_alt":"","footnotes":""},"categories":[73,81],"tags":[],"class_list":["post-138037","post","type-post","status-publish","format-standard","hentry","category-actualite","category-burkina-faso"],"_links":{"self":[{"href":"https:\/\/linitiative.ca\/International\/wp-json\/wp\/v2\/posts\/138037","targetHints":{"allow":["GET"]}}],"collection":[{"href":"https:\/\/linitiative.ca\/International\/wp-json\/wp\/v2\/posts"}],"about":[{"href":"https:\/\/linitiative.ca\/International\/wp-json\/wp\/v2\/types\/post"}],"author":[{"embeddable":true,"href":"https:\/\/linitiative.ca\/International\/wp-json\/wp\/v2\/users\/1816"}],"replies":[{"embeddable":true,"href":"https:\/\/linitiative.ca\/International\/wp-json\/wp\/v2\/comments?post=138037"}],"version-history":[{"count":0,"href":"https:\/\/linitiative.ca\/International\/wp-json\/wp\/v2\/posts\/138037\/revisions"}],"wp:attachment":[{"href":"https:\/\/linitiative.ca\/International\/wp-json\/wp\/v2\/media?parent=138037"}],"wp:term":[{"taxonomy":"category","embeddable":true,"href":"https:\/\/linitiative.ca\/International\/wp-json\/wp\/v2\/categories?post=138037"},{"taxonomy":"post_tag","embeddable":true,"href":"https:\/\/linitiative.ca\/International\/wp-json\/wp\/v2\/tags?post=138037"}],"curies":[{"name":"wp","href":"https:\/\/api.w.org\/{rel}","templated":true}]}}