{"id":138038,"date":"2022-01-08T03:18:03","date_gmt":"2022-01-08T08:18:03","guid":{"rendered":"https:\/\/linitiative.ca\/International\/pas-de-fiscalisation-sur-le-poisson-garba-en-cote-divoire\/"},"modified":"2022-01-08T03:18:03","modified_gmt":"2022-01-08T08:18:03","slug":"pas-de-fiscalisation-sur-le-poisson-garba-en-cote-divoire","status":"publish","type":"post","link":"https:\/\/linitiative.ca\/International\/pas-de-fiscalisation-sur-le-poisson-garba-en-cote-divoire\/","title":{"rendered":"\u00ab\u00a0Pas de fiscalisation\u00a0\u00bb sur le \u00ab\u00a0poisson garba\u00a0\u00bb en C\u00f4te d\u2019Ivoire"},"content":{"rendered":"<div>\n<p><img decoding=\"async\" width=\"800\" height=\"533\" src=\"https:\/\/linitiative.ca\/International\/wp-content\/uploads\/sites\/23\/2022\/01\/16416298834529.jpg\" class=\"attachment-post-thumbnail size-post-thumbnail wp-post-image\" alt=\"\" loading=\"lazy\" srcset=\"https:\/\/linitiative.ca\/International\/wp-content\/uploads\/sites\/23\/2022\/01\/16416298834529.jpg 800w, https:\/\/www.journalducameroun.com\/wp-content\/uploads\/2022\/01\/16416298834529-300x200.jpg 300w, https:\/\/www.journalducameroun.com\/wp-content\/uploads\/2022\/01\/16416298834529-768x512.jpg 768w, https:\/\/www.journalducameroun.com\/wp-content\/uploads\/2022\/01\/16416298834529-660x440.jpg 660w, https:\/\/www.journalducameroun.com\/wp-content\/uploads\/2022\/01\/16416298834529-600x400.jpg 600w\" sizes=\"auto, (max-width: 800px) 100vw, 800px\"><\/p>\n<p>Le directeur g\u00e9n\u00e9ral des imp\u00f4ts de C\u00f4te d&rsquo;Ivoire, Abou Si\u00e9 Ouattara, a dit vendredi qu&rsquo;il n&rsquo;y a \u00ab\u00a0pas de fiscalisation particuli\u00e8re\u00a0\u00bb sur le faux thon appel\u00e9 \u00ab\u00a0poisson garba\u00a0\u00bb, dont le gouvernement a r\u00e9cemment plafonn\u00e9 le prix au Kg.<\/p>\n<p>Le faux thon, consomm\u00e9 avec l&rsquo;atti\u00e9k\u00e9, semoule de manioc, un met tr\u00e8s pris\u00e9 en C\u00f4te d&rsquo;Ivoire, \u00ab\u00a0n&rsquo;est pas soumis \u00e0 une fiscalisation particuli\u00e8re\u00a0\u00bb, a d\u00e9clar\u00e9 M. Abou Si\u00e9, lors de la pr\u00e9sentation de l&rsquo;annexe fiscale \u00e0 la loi des finances 2022, \u00e0 la presse.\u00a0<\/p>\n<p>\u00a0Le gouvernement ivoirien a \u00ab\u00a0plafonn\u00e9 le prix du Kg du poisson garba, toute taxe comprise, appliqu\u00e9e par les d\u00e9taillants de \u00ab\u00a0garbadrome\u00a0\u00bb \u00e0 850 Fcfa dans le District autonome d&rsquo;Abidjan et dans un rayon de 300 Km; et \u00e0 900 Fcfa au-del\u00e0\u00a0\u00bb. \u00a0<\/p>\n<p>Suite \u00e0 cette d\u00e9cision, le pr\u00e9sident des mareyeurs importateurs du port d&rsquo;Abidjan, Tour\u00e9 Mamadou, a appel\u00e9 le gouvernement \u00e0 \u00ab\u00a0revoir\u00a0\u00bb la mesure de plafonnement du prix du Kg de thon, au risque de \u00ab\u00a0tuer\u00a0\u00bb les op\u00e9rateurs. \u00a0<\/p>\n<p>Le thon vendu en C\u00f4te d&rsquo;Ivoire, rel\u00e8vera-t-il, vient des \u00celes Seychelles, du Ghana, pays voisin \u00e0 la C\u00f4te d&rsquo;Ivoire ou du S\u00e9n\u00e9gal. Une fois au port d&rsquo;Abidjan, ce thon subit \u00ab\u00a0trois taxes\u00a0\u00bb et si cette d\u00e9cision est maintenue il pourrait avoir une p\u00e9nurie.\u00a0<\/p>\n<p>Selon le directeur g\u00e9n\u00e9ral des imp\u00f4ts de C\u00f4te d&rsquo;Ivoire, M. Abou Si\u00e9 Ouattara, \u00ab\u00a0il faut regarder au niveau des op\u00e9rateurs du secteur, s&rsquo;ils ne tirent pas un peu trop sur la corde\u00a0\u00bb en terme de pr\u00e9l\u00e8vements. \u00a0\u00a0<\/p>\n<p>La mesure du gouvernement \u00ab\u00a0n&rsquo;est pas une disposition \u00e0 caract\u00e8re fiscal (et) il n&rsquo;y a aucune incidence des imp\u00f4ts sur le thon garba\u00a0\u00bb, a-t-il ajout\u00e9, pr\u00e9cisant que c&rsquo;est le thon Saupiquet qui est transform\u00e9 et mis en conserve qui est taxable, mais \u00ab\u00a0le thon garba, lui n&rsquo;est pas taxable\u00a0\u00bb. \u00a0\u00a0<\/p>\n<p>\u00ab\u00a0C&rsquo;est au moment de la consommation qu&rsquo;on va le taxer\u00a0\u00bb, quand on le mange dans un restaurant, en termes de service, a-t-il poursuivi, faisant savoir que \u00ab\u00a0le seul imp\u00f4t qui peut avoir une incidence sur les prix, c&rsquo;est la Taxe sur la valeur ajout\u00e9e (TVA). Mais, elle suppose qu&rsquo;on joue franc jeu\u00a0\u00bb. \u00a0\u00a0<\/p>\n<p>Cet article <a rel=\"nofollow\" href=\"https:\/\/www.journalducameroun.com\/pas-de-fiscalisation-sur-le-poisson-garba-en-cote-divoire\/\">\u00ab\u00a0Pas de fiscalisation\u00a0\u00bb sur le \u00ab\u00a0poisson garba\u00a0\u00bb en C\u00f4te d\u2019Ivoire<\/a> est apparu en premier sur <a rel=\"nofollow\" href=\"https:\/\/www.journalducameroun.com\/\">Journal du Cameroun<\/a>.<\/p>\n<\/div>\n<p>Auteur: APA News<br \/>\n<a href=\"https:\/\/www.journalducameroun.com\/pas-de-fiscalisation-sur-le-poisson-garba-en-cote-divoire\/\">Cliquez ici pour lire l&rsquo;article depuis sa source.<\/a><\/p>\n","protected":false},"excerpt":{"rendered":"<p>Le directeur g\u00e9n\u00e9ral des imp\u00f4ts de C\u00f4te d&rsquo;Ivoire, Abou Si\u00e9 Ouattara, a dit vendredi qu&rsquo;il n&rsquo;y a \u00ab\u00a0pas de fiscalisation particuli\u00e8re\u00a0\u00bb sur le faux thon appel\u00e9 \u00ab\u00a0poisson garba\u00a0\u00bb, dont le gouvernement a r\u00e9cemment plafonn\u00e9 le prix au Kg. Le faux thon, consomm\u00e9 avec l&rsquo;atti\u00e9k\u00e9, semoule de manioc, un met tr\u00e8s pris\u00e9 en C\u00f4te d&rsquo;Ivoire, \u00ab\u00a0n&rsquo;est [&hellip;]<\/p>\n","protected":false},"author":1965,"featured_media":0,"comment_status":"closed","ping_status":"closed","sticky":false,"template":"","format":"standard","meta":{"fifu_image_url":"https:\/\/www.journalducameroun.com\/wp-content\/uploads\/2022\/01\/16416298834529.jpg","fifu_image_alt":"\u00ab\u00a0Pas de fiscalisation\u00a0\u00bb sur le \u00ab\u00a0poisson garba\u00a0\u00bb en C\u00f4te d\u2019Ivoire","footnotes":""},"categories":[73,82],"tags":[],"class_list":["post-138038","post","type-post","status-publish","format-standard","hentry","category-actualite","category-cameroun"],"_links":{"self":[{"href":"https:\/\/linitiative.ca\/International\/wp-json\/wp\/v2\/posts\/138038","targetHints":{"allow":["GET"]}}],"collection":[{"href":"https:\/\/linitiative.ca\/International\/wp-json\/wp\/v2\/posts"}],"about":[{"href":"https:\/\/linitiative.ca\/International\/wp-json\/wp\/v2\/types\/post"}],"author":[{"embeddable":true,"href":"https:\/\/linitiative.ca\/International\/wp-json\/wp\/v2\/users\/1965"}],"replies":[{"embeddable":true,"href":"https:\/\/linitiative.ca\/International\/wp-json\/wp\/v2\/comments?post=138038"}],"version-history":[{"count":0,"href":"https:\/\/linitiative.ca\/International\/wp-json\/wp\/v2\/posts\/138038\/revisions"}],"wp:attachment":[{"href":"https:\/\/linitiative.ca\/International\/wp-json\/wp\/v2\/media?parent=138038"}],"wp:term":[{"taxonomy":"category","embeddable":true,"href":"https:\/\/linitiative.ca\/International\/wp-json\/wp\/v2\/categories?post=138038"},{"taxonomy":"post_tag","embeddable":true,"href":"https:\/\/linitiative.ca\/International\/wp-json\/wp\/v2\/tags?post=138038"}],"curies":[{"name":"wp","href":"https:\/\/api.w.org\/{rel}","templated":true}]}}