{"id":138040,"date":"2022-01-08T06:18:03","date_gmt":"2022-01-08T11:18:03","guid":{"rendered":"https:\/\/linitiative.ca\/International\/social-sante-economie-et-sport-au-menu-des-quotidiens-et-hebdomadaires-marocains\/"},"modified":"2022-01-08T06:18:03","modified_gmt":"2022-01-08T11:18:03","slug":"social-sante-economie-et-sport-au-menu-des-quotidiens-et-hebdomadaires-marocains","status":"publish","type":"post","link":"https:\/\/linitiative.ca\/International\/social-sante-economie-et-sport-au-menu-des-quotidiens-et-hebdomadaires-marocains\/","title":{"rendered":"Social, sant\u00e9, \u00e9conomie et sport au menu des quotidiens et hebdomadaires marocains"},"content":{"rendered":"<div>\n<p><img decoding=\"async\" width=\"287\" height=\"176\" src=\"https:\/\/linitiative.ca\/International\/wp-content\/uploads\/sites\/23\/2022\/01\/16416406833687.jpg\" class=\"attachment-post-thumbnail size-post-thumbnail wp-post-image\" alt=\"\" loading=\"lazy\"><\/p>\n<p>Les enjeux de l&rsquo;Etat social, la gestion de l&rsquo;\u00e9pid\u00e9mie de coronavirus, affect\u00e9e par l&rsquo;apparition d&rsquo;un nouveau variant du virus, l&rsquo;\u00e9tat de l&rsquo;\u00e9conomie nationale et le coup d&rsquo;envoi de la CAN au Cameroun sont les principaux sujets trait\u00e9s par les quotidiens et hebdomadaires marocains.+Challenge+, qui rel\u00e8ve l&rsquo;absence du d\u00e9bat public, notamment sur l&rsquo;Etat social, \u00e9crit que les objectifs con\u00e7us dans ce cadre \u00ab\u00a0ne r\u00e9pondent pas \u00e0 tous les besoins\u00a0\u00bb, car l&rsquo;Etat social ne peut exister que si l&rsquo;ensemble de la population vit en dehors de la pr\u00e9carit\u00e9, non seulement m\u00e9dicale, mais aussi mat\u00e9rielle.<\/p>\n<p>L&rsquo;opposition, surtout celle qui se r\u00e9clame de la social-d\u00e9mo- d\u00e9mocratie, sait tr\u00e8s bien que la pierre angulaire ne peut \u00eatre que l&rsquo;extension des services publics, constate-t-il, faisant savoir que l&rsquo;aide directe, les filets sociaux, sont bien \u00e9videmment une n\u00e9cessit\u00e9, mais, ils sont loin d&rsquo;\u00eatre la panac\u00e9e.<\/p>\n<p>\u00ab\u00a0L&rsquo;Etat social n&rsquo;est pas un gadget. Il faut revoir toutes nos politiques publiques \u00e0 l&rsquo;aune de ce concept\u00a0\u00bb, recommande-t-il, appelant \u00e0 un vrai d\u00e9bat pour renforcer la confiance des Marocains.<\/p>\n<p>+Finances News Hebdo+, qui s&rsquo;attarde sur la gestion de l&rsquo;\u00e9pid\u00e9mie de coronavirus, sur fond de l&rsquo;apparition du nouveau variant Omicron, estime que les indicateurs sanitaires se d\u00e9gradent litt\u00e9ralement, avec une acc\u00e9l\u00e9ration fulgurante des contaminations, d\u00e9plorant que l&rsquo;inqui\u00e9tude revienne, apr\u00e8s une longue p\u00e9riode o\u00f9 la plupart des citoyens ont n\u00e9glig\u00e9 de fa\u00e7on coupable les gestes barri\u00e8res, se sentant prot\u00e9g\u00e9s parce que vaccin\u00e9s.<\/p>\n<p>Tout cela participe d&rsquo;une certaine d\u00e9sorganisation sociale qui risque de s&rsquo;amplifier. Car, le pic de la troisi\u00e8me vague de transmission li\u00e9e au variant Omicron, qui a commenc\u00e9 la semaine du 13 au 19 d\u00e9cembre, ne devra \u00eatre atteint que durant la semaine du 17 au 23 janvier 2022, explique la publicartion.<\/p>\n<p>Malgr\u00e9 cette situation, pour beaucoup de citoyens, la suspension des vols ressemble de plus en plus \u00e0 une r\u00e9ponse disproportionn\u00e9e qui asphyxie l&rsquo;\u00e9conomie nationale, au-del\u00e0 de ses impacts sur les citoyens, rapporte-t-il.<\/p>\n<p>+La Nouvelle Tribune+, qui aborde la situation de l&rsquo;\u00e9conomie nationale, impact\u00e9e par la pand\u00e9mie, \u00e9crit que la t\u00e2che du nouveau gouvernement, qui apr\u00e8s avoir pris quelques mois pour aff\u00fbter ses armes en vue de d\u00e9ployer un programme ambitieux pour de nombreux secteurs vitaux de l&rsquo;\u00e9conomie nationale, risque d&rsquo;\u00eatre plus ardue que pr\u00e9vue.<\/p>\n<p>Le soutien aux secteurs ravag\u00e9s par l&rsquo;impact de la pand\u00e9mie, de l&rsquo;a\u00e9rien au tourisme en passant par la restauration ou l&rsquo;artisanat, va certainement se prolonger pendant de longs mois avant que ceux-ci ne reprennent leur niveau d&rsquo;activit\u00e9 d&rsquo;avant crise, rel\u00e8ve l&rsquo;hebdomadaire, soulignant que la situation sanitaire mondiale et nationale est toujours tr\u00e8s incertaine.<\/p>\n<p>Il faudra donc continuer de s&rsquo;armer de patience \u00e0 titre personnel et de r\u00e9silience \u00e0 titre collectif, pr\u00e9conise-t-il.<\/p>\n<p>+Al Massae+ rapporte que la D\u00e9l\u00e9gation g\u00e9n\u00e9rale \u00e0 l&rsquo;administration p\u00e9nitentiaire et \u00e0 la r\u00e9insertion (DGAPR) a annonc\u00e9 vendredi la suspension, \u00e0 partir de lundi prochain et jusqu&rsquo;\u00e0 nouvel ordre, des visites familiales au profit des pensionnaires des \u00e9tablissements p\u00e9nitentiaires.<\/p>\n<p>Dans un communiqu\u00e9, la DGAPR pr\u00e9cise que cette d\u00e9cision est li\u00e9e aux derniers d\u00e9veloppements de la situation \u00e9pid\u00e9miologique, suite \u00e0 la hausse remarquable du nombre des contaminations au coronavirus en raison de l&rsquo;apparition de nouveaux variants tr\u00e8s contagieux. Cette d\u00e9cision s&rsquo;inscrit dans le souci de veiller \u00e0 la s\u00e9curit\u00e9 des prisonniers, des fonctionnaires et des usagers.<\/p>\n<p>C\u00f4t\u00e9 sport, +Al Akhbar+ \u00e9crit qu&rsquo;enfin ! Le coup d&rsquo;envoi de la CAN sera donn\u00e9 ce dimanche sur la pelouse du stade d&rsquo;Olembe pr\u00e8s de Yaound\u00e9, plus grande ville du Cameroun. Cette 33\u00e8me \u00e9dition de la Coupe d&rsquo;Afrique des nations aurait pourtant pu ne jamais avoir lieu, apr\u00e8s avoir \u00e9t\u00e9 report\u00e9e une premi\u00e8re fois \u00e0 cause de coronavirus.<\/p>\n<p>Elle a \u00e9chapp\u00e9 de pr\u00e8s \u00e0 une annulation apr\u00e8s un coup de pression formul\u00e9 par l&rsquo;Association des clubs europ\u00e9ens qui r\u00e9clamaient purement et simplement l&rsquo;annulation de la CAN. Mais celle-ci aura finalement bien lieu, et on en conna\u00eet les raisons, rappelle le quotidien.<\/p>\n<p>Outre le pays h\u00f4te, d&rsquo;autres parties ont milit\u00e9 pour le maintien du championnat. C&rsquo;est notamment le cas des diffuseurs TV qui risquaient eux aussi de perdre de grosses sommes d&rsquo;argent, sachant que les droits de TV de la CAN ont rapport\u00e9 \u00e0 la CAF la somme de 70 millions de dollars.<\/p>\n<p>Cet article <a rel=\"nofollow\" href=\"https:\/\/www.journalducameroun.com\/social-sante-economie-et-sport-au-menu-des-quotidiens-et-hebdomadaires-marocains\/\">Social, sant\u00e9, \u00e9conomie et sport au menu des quotidiens et hebdomadaires marocains<\/a> est apparu en premier sur <a rel=\"nofollow\" href=\"https:\/\/www.journalducameroun.com\/\">Journal du Cameroun<\/a>.<\/p>\n<\/div>\n<p>Auteur: APA News<br \/>\n<a href=\"https:\/\/www.journalducameroun.com\/social-sante-economie-et-sport-au-menu-des-quotidiens-et-hebdomadaires-marocains\/\">Cliquez ici pour lire l&rsquo;article depuis sa source.<\/a><\/p>\n","protected":false},"excerpt":{"rendered":"<p>Les enjeux de l&rsquo;Etat social, la gestion de l&rsquo;\u00e9pid\u00e9mie de coronavirus, affect\u00e9e par l&rsquo;apparition d&rsquo;un nouveau variant du virus, l&rsquo;\u00e9tat de l&rsquo;\u00e9conomie nationale et le coup d&rsquo;envoi de la CAN au Cameroun sont les principaux sujets trait\u00e9s par les quotidiens et hebdomadaires marocains.+Challenge+, qui rel\u00e8ve l&rsquo;absence du d\u00e9bat public, notamment sur l&rsquo;Etat social, \u00e9crit que [&hellip;]<\/p>\n","protected":false},"author":1965,"featured_media":0,"comment_status":"closed","ping_status":"closed","sticky":false,"template":"","format":"standard","meta":{"fifu_image_url":"https:\/\/www.journalducameroun.com\/wp-content\/uploads\/2022\/01\/16416406833687.jpg","fifu_image_alt":"Social, sant\u00e9, \u00e9conomie et sport au menu des quotidiens et hebdomadaires marocains","footnotes":""},"categories":[73,82],"tags":[],"class_list":["post-138040","post","type-post","status-publish","format-standard","hentry","category-actualite","category-cameroun"],"_links":{"self":[{"href":"https:\/\/linitiative.ca\/International\/wp-json\/wp\/v2\/posts\/138040","targetHints":{"allow":["GET"]}}],"collection":[{"href":"https:\/\/linitiative.ca\/International\/wp-json\/wp\/v2\/posts"}],"about":[{"href":"https:\/\/linitiative.ca\/International\/wp-json\/wp\/v2\/types\/post"}],"author":[{"embeddable":true,"href":"https:\/\/linitiative.ca\/International\/wp-json\/wp\/v2\/users\/1965"}],"replies":[{"embeddable":true,"href":"https:\/\/linitiative.ca\/International\/wp-json\/wp\/v2\/comments?post=138040"}],"version-history":[{"count":0,"href":"https:\/\/linitiative.ca\/International\/wp-json\/wp\/v2\/posts\/138040\/revisions"}],"wp:attachment":[{"href":"https:\/\/linitiative.ca\/International\/wp-json\/wp\/v2\/media?parent=138040"}],"wp:term":[{"taxonomy":"category","embeddable":true,"href":"https:\/\/linitiative.ca\/International\/wp-json\/wp\/v2\/categories?post=138040"},{"taxonomy":"post_tag","embeddable":true,"href":"https:\/\/linitiative.ca\/International\/wp-json\/wp\/v2\/tags?post=138040"}],"curies":[{"name":"wp","href":"https:\/\/api.w.org\/{rel}","templated":true}]}}