{"id":138042,"date":"2022-01-08T11:10:00","date_gmt":"2022-01-08T16:10:00","guid":{"rendered":"https:\/\/linitiative.ca\/International\/can-cameroun-2021-paul-biya-preside-la-ceremonie-douverture-au-stade-olembe-ce-09-janvier\/"},"modified":"2022-01-08T11:10:00","modified_gmt":"2022-01-08T16:10:00","slug":"can-cameroun-2021-paul-biya-preside-la-ceremonie-douverture-au-stade-olembe-ce-09-janvier","status":"publish","type":"post","link":"https:\/\/linitiative.ca\/International\/can-cameroun-2021-paul-biya-preside-la-ceremonie-douverture-au-stade-olembe-ce-09-janvier\/","title":{"rendered":"Can Cameroun 2021 : Paul Biya pr\u00e9side la c\u00e9r\u00e9monie d\u2019ouverture au stade Olembe ce 09 janvier"},"content":{"rendered":"<div>\n<p><img decoding=\"async\" width=\"800\" height=\"501\" src=\"https:\/\/linitiative.ca\/International\/wp-content\/uploads\/sites\/23\/2022\/01\/Le-couple-presidentiel-camerounais.jpg\" class=\"attachment-post-thumbnail size-post-thumbnail wp-post-image\" alt=\"\" loading=\"lazy\" srcset=\"https:\/\/linitiative.ca\/International\/wp-content\/uploads\/sites\/23\/2022\/01\/Le-couple-presidentiel-camerounais.jpg 800w, https:\/\/www.journalducameroun.com\/wp-content\/uploads\/2022\/01\/Le-couple-presidentiel-camerounais-300x188.jpg 300w, https:\/\/www.journalducameroun.com\/wp-content\/uploads\/2022\/01\/Le-couple-presidentiel-camerounais-768x481.jpg 768w, https:\/\/www.journalducameroun.com\/wp-content\/uploads\/2022\/01\/Le-couple-presidentiel-camerounais-703x440.jpg 703w, https:\/\/www.journalducameroun.com\/wp-content\/uploads\/2022\/01\/Le-couple-presidentiel-camerounais-600x376.jpg 600w\" sizes=\"auto, (max-width: 800px) 100vw, 800px\"><\/p>\n<h2 style=\"text-align: justify;\"><strong>Paul et Chantal Biya sont attendus ce dimanche 09 janvier 2022 au stade Olembe \u00e0 15h15. Le chef de l\u2019Etat du Cameroun pr\u00e9sidera la c\u00e9r\u00e9monie marquant le d\u00e9but l\u2019ouverture de la 33\u00e8 \u00e9dition de la Coupe d\u2019Afrique des Nations de football (Can).<\/strong><\/h2>\n<p style=\"text-align: justify;\">Le pr\u00e9sident de la R\u00e9publique du Cameroun Paul Biya pr\u00e9sidera la C\u00e9r\u00e9monie d\u2019ouverture de la Can 2021 dimanche 09 janvier 2022 au Stade Omnisports d\u2019Olembe \u00e0 Yaound\u00e9. Le chef de l\u2019Etat sera accompagn\u00e9 pour la circonstance de son \u00e9pouse Mme Chantal Biya. L\u2019information est du ministre Directeur du Cabinet civil de la Pr\u00e9sidence de la R\u00e9publique.<\/p>\n<p style=\"text-align: justify;\">Dans un communiqu\u00e9 rendu public ce samedi 08 janvier, Samuel Mvondo Ayolo donne le programme de la c\u00e9r\u00e9monie marquant le coup d\u2019envoi de la CanTotalEnergies Cameroun 2021. Outre la phase protocolaire, l\u2019\u00e9v\u00e9nement sera marqu\u00e9 par le match d\u2019ouverture qui opposera les <strong>Lions indomptables<\/strong> <strong>du Cameroun <\/strong>aux <strong>Etalons du Burkina Faso<\/strong><\/p>\n<p style=\"text-align: justify;\">Outre le couple Paul et Chantal Biya, le programme pr\u00e9voie l\u2019arriv\u00e9e de plusieurs personnalit\u00e9s politiques, diplomatiques et sportives. Il s\u2019agit par exemple du pr\u00e9sident de l\u2019Union des <strong>Comores<\/strong> <strong>Azali Assoumani<\/strong>, arriv\u00e9 \u00e0 Yaound\u00e9 accompagn\u00e9 de son \u00e9pouse <strong>Ambari Azali<\/strong> ce samedi.<\/p>\n<p style=\"text-align: justify;\">Sont aussi annonc\u00e9s, les personnalit\u00e9s des pouvoirs ex\u00e9cutif, l\u00e9gislatif et judiciaires du Cameroun\u00a0; les membres du corps diplomatiques\u00a0; les pr\u00e9sidents de la <strong>Fifa<\/strong> <strong>Gianni Infantino<\/strong>, et de la <strong>CAF<\/strong> <strong>Patrice Motsepe<\/strong>, le pr\u00e9sident du Comit\u00e9 d\u2019organisation de la Can (<strong>Cocan<\/strong>) <strong>Narcisse Mouelle Kombi<\/strong>\u00a0; les membres du Comit\u00e9 ex\u00e9cutif de la Caf etc. L\u2019on note dans ce balai des personnalit\u00e9s, l\u2019absence du pr\u00e9sident de la F\u00e9d\u00e9ration camerounaise de football (<strong>Fecafoot<\/strong>) par ailleurs vice-pr\u00e9sident du Cocan, <strong>Samuel Eto\u2019o Fils<\/strong>.<\/p>\n<p style=\"text-align: justify;\"><strong>Voici le programme de la c\u00e9r\u00e9monie d\u2019ouverture de la CAN TOTAL Energie Cameroun 2021 au stade omnisports d\u2019Olembe dimanche 09 janvier 2022. <\/strong><\/p>\n<p style=\"text-align: justify;\">10h\u00a0: &#8211; ouverture des portes du stade et mise en place des groupes d\u2019animation<\/p>\n<ul style=\"text-align: justify;\">\n<li>Animation culturelle<\/li>\n<\/ul>\n<p style=\"text-align: justify;\">14h\u00a0: &#8211; arriv\u00e9e des invit\u00e9s<\/p>\n<ul style=\"text-align: justify;\">\n<li>Arriv\u00e9e des membres du Comit\u00e9 ex\u00e9cutif de la Caf<\/li>\n<li>Arriv\u00e9e des membres du Corps diplomatique<\/li>\n<li>Arriv\u00e9e des vice-pr\u00e9sidents de la Caf<\/li>\n<li>Arriv\u00e9e des membres du gouvernement<\/li>\n<li>Arriv\u00e9e du pr\u00e9sident du Cocan 2021<\/li>\n<li>Arriv\u00e9e du premier pr\u00e9sident de la Cour supr\u00eame et du procureur g\u00e9n\u00e9ral pr\u00e8s ladite Cour<\/li>\n<li>Arriv\u00e9e du pr\u00e9sident du Conseil constitutionnel<\/li>\n<li>Arriv\u00e9e du pr\u00e9sident du Conseil \u00e9conomique et social<\/li>\n<li>Arriv\u00e9e du Premier ministre chef du gouvernement<\/li>\n<li>Arriv\u00e9e du pr\u00e9sident de l\u2019Assembl\u00e9e nationalle<\/li>\n<li>Arriv\u00e9e du pr\u00e9sident du S\u00e9nat<\/li>\n<li>Arriv\u00e9e des pr\u00e9sidents de la Caf et de la Fifa<\/li>\n<li>Arriv\u00e9e du pr\u00e9sident de l\u2019Union des Comores<\/li>\n<li>Fin de la mise en place des personnalit\u00e9s<\/li>\n<\/ul>\n<p style=\"text-align: justify;\"><strong>15h15\u00a0: Arriv\u00e9e du Chef de l\u2019Etat et Madame Chantal Biya\u00a0: <\/strong><\/p>\n<ul style=\"text-align: justify;\">\n<li>Ex\u00e9cution de l\u2019hymne national du Cameroun<\/li>\n<li>Installation \u00e0 la loge pr\u00e9sidentielle<\/li>\n<li>Discours du pr\u00e9sident de la Caf<\/li>\n<li>D\u00e9claration d\u2019ouverture du pr\u00e9sident de la R\u00e9publique du Cameroun<\/li>\n<li>Ex\u00e9cution de l\u2019hymne de la Can TotalEnergies 2021<\/li>\n<\/ul>\n<p style=\"text-align: justify;\">14h15\u00a0: d\u00e9but de la parade culturelle<\/p>\n<p style=\"text-align: justify;\">16h00\u00a0: fin de la parade culturelle<\/p>\n<p style=\"text-align: justify;\"><strong>17h00\u00a0: d\u00e9but du match d\u2019ouverture Cameroun vs Burkina Faso <\/strong><\/p>\n<p style=\"text-align: justify;\">17h45\u00a0: Mi-temps<\/p>\n<p style=\"text-align: justify;\">18h00\u00a0: Reprise du match<\/p>\n<p style=\"text-align: justify;\">18h45\u00a0: &#8211; Fin du match<\/p>\n<ul style=\"text-align: justify;\">\n<li>D\u00e9part du chef de l\u2019Etat du stade pour le Palais de l\u2019Unit\u00e9<\/li>\n<li>Fin de la c\u00e9r\u00e9monie<\/li>\n<\/ul>\n<p style=\"text-align: justify;\"><strong>\u00a0<\/strong><\/p>\n<p>Cet article <a rel=\"nofollow\" href=\"https:\/\/www.journalducameroun.com\/can-cameroun-2021-paul-biya-preside-la-ceremonie-douverture-au-stade-olembe-ce-09-janvier\/\">Can Cameroun 2021 : Paul Biya pr\u00e9side la c\u00e9r\u00e9monie d\u2019ouverture au stade Olembe ce 09 janvier<\/a> est apparu en premier sur <a rel=\"nofollow\" href=\"https:\/\/www.journalducameroun.com\/\">Journal du Cameroun<\/a>.<\/p>\n<\/div>\n<p>Auteur: Emile Zola Nd\u00e9 Tchoussi<br \/>\n<a href=\"https:\/\/www.journalducameroun.com\/can-cameroun-2021-paul-biya-preside-la-ceremonie-douverture-au-stade-olembe-ce-09-janvier\/\">Cliquez ici pour lire l&rsquo;article depuis sa source.<\/a><\/p>\n","protected":false},"excerpt":{"rendered":"<p>Paul et Chantal Biya sont attendus ce dimanche 09 janvier 2022 au stade Olembe \u00e0 15h15. Le chef de l\u2019Etat du Cameroun pr\u00e9sidera la c\u00e9r\u00e9monie marquant le d\u00e9but l\u2019ouverture de la 33\u00e8 \u00e9dition de la Coupe d\u2019Afrique des Nations de football (Can). Le pr\u00e9sident de la R\u00e9publique du Cameroun Paul Biya pr\u00e9sidera la C\u00e9r\u00e9monie d\u2019ouverture [&hellip;]<\/p>\n","protected":false},"author":1965,"featured_media":0,"comment_status":"closed","ping_status":"closed","sticky":false,"template":"","format":"standard","meta":{"fifu_image_url":"https:\/\/www.journalducameroun.com\/wp-content\/uploads\/2022\/01\/Le-couple-presidentiel-camerounais.jpg","fifu_image_alt":"Can Cameroun 2021 : Paul Biya pr\u00e9side la c\u00e9r\u00e9monie d\u2019ouverture au stade Olembe ce 09 janvier","footnotes":""},"categories":[73,82],"tags":[],"class_list":["post-138042","post","type-post","status-publish","format-standard","hentry","category-actualite","category-cameroun"],"_links":{"self":[{"href":"https:\/\/linitiative.ca\/International\/wp-json\/wp\/v2\/posts\/138042","targetHints":{"allow":["GET"]}}],"collection":[{"href":"https:\/\/linitiative.ca\/International\/wp-json\/wp\/v2\/posts"}],"about":[{"href":"https:\/\/linitiative.ca\/International\/wp-json\/wp\/v2\/types\/post"}],"author":[{"embeddable":true,"href":"https:\/\/linitiative.ca\/International\/wp-json\/wp\/v2\/users\/1965"}],"replies":[{"embeddable":true,"href":"https:\/\/linitiative.ca\/International\/wp-json\/wp\/v2\/comments?post=138042"}],"version-history":[{"count":0,"href":"https:\/\/linitiative.ca\/International\/wp-json\/wp\/v2\/posts\/138042\/revisions"}],"wp:attachment":[{"href":"https:\/\/linitiative.ca\/International\/wp-json\/wp\/v2\/media?parent=138042"}],"wp:term":[{"taxonomy":"category","embeddable":true,"href":"https:\/\/linitiative.ca\/International\/wp-json\/wp\/v2\/categories?post=138042"},{"taxonomy":"post_tag","embeddable":true,"href":"https:\/\/linitiative.ca\/International\/wp-json\/wp\/v2\/tags?post=138042"}],"curies":[{"name":"wp","href":"https:\/\/api.w.org\/{rel}","templated":true}]}}