{"id":138044,"date":"2022-01-08T13:18:15","date_gmt":"2022-01-08T18:18:15","guid":{"rendered":"https:\/\/linitiative.ca\/International\/can-cameroun-2021-patrice-motsepe-sest-emancipe-de-gianni-infantino\/"},"modified":"2022-01-08T13:18:15","modified_gmt":"2022-01-08T18:18:15","slug":"can-cameroun-2021-patrice-motsepe-sest-emancipe-de-gianni-infantino","status":"publish","type":"post","link":"https:\/\/linitiative.ca\/International\/can-cameroun-2021-patrice-motsepe-sest-emancipe-de-gianni-infantino\/","title":{"rendered":"Can Cameroun 2021 : Patrice Motsepe s\u2019est \u00e9mancip\u00e9 de Gianni Infantino!"},"content":{"rendered":"<div>\n<p><img decoding=\"async\" width=\"700\" height=\"394\" src=\"https:\/\/linitiative.ca\/International\/wp-content\/uploads\/sites\/23\/2022\/01\/Motsepe-Infantino-1.jpg\" class=\"attachment-post-thumbnail size-post-thumbnail wp-post-image\" alt=\"\" loading=\"lazy\" srcset=\"https:\/\/linitiative.ca\/International\/wp-content\/uploads\/sites\/23\/2022\/01\/Motsepe-Infantino-1.jpg 700w, https:\/\/www.journalducameroun.com\/wp-content\/uploads\/2021\/12\/Motsepe-Infantino-1-300x169.jpg 300w, https:\/\/www.journalducameroun.com\/wp-content\/uploads\/2021\/12\/Motsepe-Infantino-1-780x440.jpg 780w, https:\/\/www.journalducameroun.com\/wp-content\/uploads\/2021\/12\/Motsepe-Infantino-1-380x215.jpg 380w, https:\/\/www.journalducameroun.com\/wp-content\/uploads\/2021\/12\/Motsepe-Infantino-1-160x90.jpg 160w, https:\/\/www.journalducameroun.com\/wp-content\/uploads\/2021\/12\/Motsepe-Infantino-1-240x135.jpg 240w, https:\/\/www.journalducameroun.com\/wp-content\/uploads\/2021\/12\/Motsepe-Infantino-1-600x338.jpg 600w\" sizes=\"auto, (max-width: 700px) 100vw, 700px\"><\/p>\n<h2 style=\"text-align: justify;\"><strong>Le pr\u00e9sident de la Conf\u00e9d\u00e9ration africaine de football (Caf) est l\u2019un des principaux artisans du maintien de la date de la 33<sup>\u00e8me<\/sup> \u00e9dition de la Can, contre l\u2019avis du pr\u00e9sident de la Fifa et certains de ses pairs africains. Portrait. <\/strong><\/h2>\n<p style=\"text-align: justify;\">Le pr\u00e9sident \u00a0de la Caf <strong>Patrice Motsepe<\/strong> a pris ses distances avec <strong>Gianni Infantino<\/strong>, le pr\u00e9sident de la Fifa. Comme dans toute \u00e9mancipation, il y a eu un brin de r\u00e9volte. Le patron du football africain a maintenu la date du d\u00e9but de la Can au Cameroun, contre l\u2019avis de son mentor, qui sous l\u2019influence des clubs europ\u00e9ens, souhaitait son <strong>report ou l\u2019annulation<\/strong>.<\/p>\n<p style=\"text-align: justify;\">En choisissant de soutenir la candidature de Patrice Motsepe \u00e0 la pr\u00e9sidence de la Caf, le 12 mars 2021, Gianni Infantino ignorait que dans l&rsquo;histoire de\u00a0 l&rsquo;humanit\u00e9, il n\u2019y a pas un peuple qui a aussi bataill\u00e9 pour son \u00e9mancipation comme les noirs d\u2019Afrique du Sud, d\u2019o\u00f9 est issu Patrice Motsepe. A travers ses actes, le businessman sud-africain (deuxi\u00e8me fortune du continent, selon le magazine Forbes),\u00a0 apr\u00e8s le nig\u00e9rian Dangote, a d\u00e9montr\u00e9\u00a0 qu\u2019il est un homme de caract\u00e8re, qui travaille pour <strong>les int\u00e9r\u00eats de l&rsquo;Afrique<\/strong>.<\/p>\n<p style=\"text-align: justify;\">Qu\u2019importe si le pr\u00e9sident de la Caf foulera le sol du stade d\u2019Olembe lors du match d\u2019ouverture diminu\u00e9 par une blessure au bras contract\u00e9e lors d\u2019un match de gala \u00e0 Douala, il l\u2019un des Hommes dont les africains peuvent en \u00eatre tr\u00e8s fi\u00e8re.<\/p>\n<h2 style=\"text-align: justify;\"><strong>Il fut trait\u00e9 de \u00ab\u00a0tra\u00eetre\u00a0\u00bb<\/strong><\/h2>\n<p style=\"text-align: justify;\">Le surlendemain de sa rencontre avec le pr\u00e9sident Biya, lors d\u2019une r\u00e9union du Comit\u00e9 ex\u00e9cutif de la Caf, au Caire, o\u00f9 il a confirm\u00e9 \u00e0 ses pairs que la Can se tiendra \u00e0 date au Cameroun, il fut trait\u00e9, en public, de <em><strong>\u00abtra\u00eetre\u00bb<\/strong><\/em> par le Fouzi Lekaa et Hani Abou Rida. Respectivement pr\u00e9sident de la F\u00e9d\u00e9ration royale marocaine de football et pr\u00e9sident de la F\u00e9d\u00e9ration \u00e9gyptienne de football, a qui Gianni Infantino promet une co-organisation de la Coupe du monde.<\/p>\n<p style=\"text-align: justify;\">Patrice Motsepe, qui aura 60 ans le 28 janvier prochain, c\u2019est l\u2019histoire d\u2019un homme qui a grandi dans un ghetto de Pretoria, r\u00e9serv\u00e9 aux personnes noires, du fait de la politique de l\u2019apartheid. Sa famille est relativement ais\u00e9e, elle tient alors un petit commerce. Il se souvient de cette \u00e9poque : <em>\u00ab Mon p\u00e8re avait l\u2019habitude de nous r\u00e9veiller \u00e0 5 heures du matin. Nous montons dans un camion et nous allons acheter des fruits et des l\u00e9gumes au march\u00e9 de Pretoria donc j\u2019ai toujours \u00e9t\u00e9 dans les affaires et le soir alors que le commerce familial fermait \u00e0 minuit je devais \u00eatre derri\u00e8re le comptoir. \u00catre derri\u00e8re le comptoir m\u2019a appris ce qu\u2019est la <strong>profitabilit\u00e9<\/strong> \u00bb.<\/em><\/p>\n<p style=\"text-align: justify;\">Apr\u00e8s les \u00e9tudes, il travaille quelque temps aux Etats-Unis\u00a0\u00a0puis revient en Afrique du Sud, o\u00f9 il met ses comp\u00e9tences au service du Congr\u00e8s national africain (Anc), qui se pr\u00e9pare \u00e0 participer au pouvoir, et travaille sur la politique mini\u00e8re du futur gouvernement. Son ascension sociale\u00a0commence v\u00e9ritablement en 1994 quand il devient le premier associ\u00e9 noir d&rsquo;un\u00a0cabinet d\u2019avocat<\/p>\n<p style=\"text-align: justify;\">Au d\u00e9but des ann\u00e9es 2000, il cr\u00e9e un certain nombre de soci\u00e9t\u00e9s qu&rsquo;il r\u00e9unit en un conglom\u00e9rat baptis\u00e9 ARM (A<strong>fricain Rainbow Mineral<\/strong>) dont il est le pr\u00e9sident ex\u00e9cutif. Une de ses d\u00e9cisions est la prise de participation de 20% au sein de Harmony Gold, la\u00a012e\u00a0plus importante soci\u00e9t\u00e9 mini\u00e8re aurif\u00e8re\u00a0\u00a0au monde, avec trois exploitations mini\u00e8res en Afrique du Sud.<\/p>\n<h2 style=\"text-align: justify;\"><strong>\u00c9lu sans opposition par acclamation\u00a0<\/strong><\/h2>\n<p style=\"text-align: justify;\">La soci\u00e9t\u00e9 ARM s&rsquo;int\u00e9resse ensuite \u00e0 d&rsquo;autres minerais, notamment le platine, le fer, le\u00a0 charbon et le cuivre. \u00a0 ARM est d\u00e9sormais implant\u00e9e en Zambie, Zimbabwe et Papouasie-Nouvelle-Guin\u00e9e. Devenu un magnat des mines, il est membre de plusieurs comit\u00e9s ex\u00e9cutifs ou non ex\u00e9cutifs, dont Harmony Gold \u00a0ou le groupe d&rsquo;assurances sud-africain Salam<\/p>\n<p style=\"text-align: justify;\">En 2013, il rejoint\u00a0<strong>The Giving Pledge<\/strong>\u00a0et fait don de la moiti\u00e9 de sa fortune \u00e0 cette \u0153uvre de charit\u00e9 pour favoriser la sant\u00e9 et l&rsquo;\u00e9ducation. En 2004, il acquiert le club de football <strong>Mamelodi Sundowns<\/strong>. Le phare de Pr\u00e9toria remporte la Ligue des champions d\u2019Afrique en 2016 et la Supercoupe en 2017.<\/p>\n<p style=\"text-align: justify;\">De l\u2019avis de plusieurs observateurs\u00a0: <em>\u00ab\u00a0Patrice Motsepe m\u00e8ne ses affaires en priv\u00e9 et il n\u2019aime pas beaucoup l\u2019attention des m\u00e9dias. Il n\u2019accorde pas beaucoup d\u2019interview. Il dirige son club comme une entreprise. Il investit beaucoup mais en retour il est aussi tr\u00e8s exigeant. Il a une approche tr\u00e8s moderne du football\u00a0\u00bb<\/em><\/p>\n<p style=\"text-align: justify;\">En fin d\u2019ann\u00e9e 2020, la Caf recherche un nouveau pr\u00e9sident, l&rsquo;organisation est alors touch\u00e9e par des scandales \u00a0financiers, le profil de l\u2019homme d&rsquo;affaires sud-africain porte certains espoirs \u00ab\u00a0il est \u00e9lu sans opposition par acclamation\u00a0\u00bb, en partie gr\u00e2ce \u00e0 Infantino.\u00a0L\u2019Afrique sait pouvoir compter sur lui pour l\u2019\u00e9mancipation de son football.<\/p>\n<p>Cet article <a rel=\"nofollow\" href=\"https:\/\/www.journalducameroun.com\/can-cameroun-2021-patrice-motsepe-sest-emancipe-de-gianni-infantino\/\">Can Cameroun 2021 : Patrice Motsepe s\u2019est \u00e9mancip\u00e9 de Gianni Infantino!<\/a> est apparu en premier sur <a rel=\"nofollow\" href=\"https:\/\/www.journalducameroun.com\/\">Journal du Cameroun<\/a>.<\/p>\n<\/div>\n<p>Auteur: Emile Zola Nd\u00e9 Tchoussi<br \/>\n<a href=\"https:\/\/www.journalducameroun.com\/can-cameroun-2021-patrice-motsepe-sest-emancipe-de-gianni-infantino\/\">Cliquez ici pour lire l&rsquo;article depuis sa source.<\/a><\/p>\n","protected":false},"excerpt":{"rendered":"<p>Le pr\u00e9sident de la Conf\u00e9d\u00e9ration africaine de football (Caf) est l\u2019un des principaux artisans du maintien de la date de la 33\u00e8me \u00e9dition de la Can, contre l\u2019avis du pr\u00e9sident de la Fifa et certains de ses pairs africains. Portrait. Le pr\u00e9sident \u00a0de la Caf Patrice Motsepe a pris ses distances avec Gianni Infantino, le [&hellip;]<\/p>\n","protected":false},"author":1965,"featured_media":0,"comment_status":"closed","ping_status":"closed","sticky":false,"template":"","format":"standard","meta":{"fifu_image_url":"https:\/\/www.journalducameroun.com\/wp-content\/uploads\/2021\/12\/Motsepe-Infantino-1.jpg","fifu_image_alt":"Can Cameroun 2021 : Patrice Motsepe s\u2019est \u00e9mancip\u00e9 de Gianni Infantino!","footnotes":""},"categories":[73,82],"tags":[],"class_list":["post-138044","post","type-post","status-publish","format-standard","hentry","category-actualite","category-cameroun"],"_links":{"self":[{"href":"https:\/\/linitiative.ca\/International\/wp-json\/wp\/v2\/posts\/138044","targetHints":{"allow":["GET"]}}],"collection":[{"href":"https:\/\/linitiative.ca\/International\/wp-json\/wp\/v2\/posts"}],"about":[{"href":"https:\/\/linitiative.ca\/International\/wp-json\/wp\/v2\/types\/post"}],"author":[{"embeddable":true,"href":"https:\/\/linitiative.ca\/International\/wp-json\/wp\/v2\/users\/1965"}],"replies":[{"embeddable":true,"href":"https:\/\/linitiative.ca\/International\/wp-json\/wp\/v2\/comments?post=138044"}],"version-history":[{"count":0,"href":"https:\/\/linitiative.ca\/International\/wp-json\/wp\/v2\/posts\/138044\/revisions"}],"wp:attachment":[{"href":"https:\/\/linitiative.ca\/International\/wp-json\/wp\/v2\/media?parent=138044"}],"wp:term":[{"taxonomy":"category","embeddable":true,"href":"https:\/\/linitiative.ca\/International\/wp-json\/wp\/v2\/categories?post=138044"},{"taxonomy":"post_tag","embeddable":true,"href":"https:\/\/linitiative.ca\/International\/wp-json\/wp\/v2\/tags?post=138044"}],"curies":[{"name":"wp","href":"https:\/\/api.w.org\/{rel}","templated":true}]}}