{"id":138046,"date":"2022-01-08T17:13:02","date_gmt":"2022-01-08T22:13:02","guid":{"rendered":"https:\/\/linitiative.ca\/International\/can-cameroun-2021-cinq-etalons-testes-positifs-le-burkina-faso-crie-au-scandale\/"},"modified":"2022-01-08T17:13:02","modified_gmt":"2022-01-08T22:13:02","slug":"can-cameroun-2021-cinq-etalons-testes-positifs-le-burkina-faso-crie-au-scandale","status":"publish","type":"post","link":"https:\/\/linitiative.ca\/International\/can-cameroun-2021-cinq-etalons-testes-positifs-le-burkina-faso-crie-au-scandale\/","title":{"rendered":"Can Cameroun 2021 : cinq Etalons test\u00e9s positifs, le Burkina-Faso crie au \u00abscandale\u00bb"},"content":{"rendered":"<div>\n<p><img decoding=\"async\" width=\"710\" height=\"401\" src=\"https:\/\/linitiative.ca\/International\/wp-content\/uploads\/sites\/23\/2022\/01\/Une-formation-des-Etalons.jpg\" class=\"attachment-post-thumbnail size-post-thumbnail wp-post-image\" alt=\"\" loading=\"lazy\" srcset=\"https:\/\/linitiative.ca\/International\/wp-content\/uploads\/sites\/23\/2022\/01\/Une-formation-des-Etalons.jpg 710w, https:\/\/www.journalducameroun.com\/wp-content\/uploads\/2022\/01\/Une-formation-des-Etalons-300x169.jpg 300w, https:\/\/www.journalducameroun.com\/wp-content\/uploads\/2022\/01\/Une-formation-des-Etalons-780x440.jpg 780w, https:\/\/www.journalducameroun.com\/wp-content\/uploads\/2022\/01\/Une-formation-des-Etalons-380x215.jpg 380w, https:\/\/www.journalducameroun.com\/wp-content\/uploads\/2022\/01\/Une-formation-des-Etalons-160x90.jpg 160w, https:\/\/www.journalducameroun.com\/wp-content\/uploads\/2022\/01\/Une-formation-des-Etalons-240x135.jpg 240w, https:\/\/www.journalducameroun.com\/wp-content\/uploads\/2022\/01\/Une-formation-des-Etalons-600x339.jpg 600w\" sizes=\"auto, (max-width: 710px) 100vw, 710px\"><\/p>\n<h2 style=\"text-align: justify;\">Oppos\u00e9 ce dimanche 9 janvier au Cameroun pour l&rsquo;ouverture de la 33<sup>\u00e8me<\/sup> \u00e9dition de la Coupe d&rsquo;Afrique des nations, le Burkina Faso a hauss\u00e9 le ton au sujet du protocole li\u00e9 aux tests Covid-19. Le pr\u00e9sident de la F\u00e9d\u00e9ration, puis le capitaine de la s\u00e9lection, Bertrand Traor\u00e9, ont m\u00eame d\u00e9nonc\u00e9 ce samedi <em>\u00ab\u00a0un scandale\u00a0\u00bb. <\/em><\/h2>\n<h4 style=\"text-align: justify;\">Ce n\u2019est pas dans la plus grande s\u00e9r\u00e9nit\u00e9 que les Etalons du Burkina-Faso pr\u00e9parent son entr\u00e9e en sc\u00e8ne face aux Lions indomptables du Cameroun. La F\u00e9d\u00e9ration burkinab\u00e8 de football (FBF), par la voix de son pr\u00e9sident <strong>Lazare Banss\u00e9,<\/strong> a envoy\u00e9 ce samedi 8 janvier 2022, une lettre de protestation \u00e0 la Conf\u00e9d\u00e9ration africaine de football (CAF), au sujet d\u2019un <em>\u00absoup\u00e7on de manipulation de tests Covid-19\u00a0\u00a0des \u00c9talons<\/em>\u00bb \u00e0 l\u2019issue desquels cinq joueurs ainsi que le s\u00e9lectionneur Kamou Malo et un membre de son \u00e9quipe ont \u00e9t\u00e9 d\u00e9clar\u00e9s positifs \u00e0 la Covid-19.<\/h4>\n<h4 style=\"text-align: justify;\">En effet, selon l\u2019entra\u00eeneur adjoint de l\u2019\u00e9quipe du Burkina Faso, la s\u00e9rie de tests qui a \u00e9t\u00e9 organis\u00e9e a \u00e9t\u00e9 faite sur la base de tests antig\u00e9niques et non de tests PCR comme le pr\u00e9voit le r\u00e8glement. Les r\u00e9sultats de ces tests se sont av\u00e9r\u00e9s positifs pour cinq joueurs (Edmond Tapsoba, Dango Ouattara, Oula Abass Traor\u00e9, Saidou Simpor\u00e9, et Souma\u00efla Ouattara) et deux cadres de la d\u00e9l\u00e9gation du Burkina Faso. Ces tests antig\u00e9niques ont \u00e9t\u00e9 fait vendredi tard dans la nuit entre 22 heures et 23 heures apr\u00e8s le passage d&rsquo;une premi\u00e8re \u00e9quipe m\u00e9dicale qui n&rsquo;\u00e9tait pas reconnue par la CAF plus t\u00f4t le vendredi matin.<\/h4>\n<figure id=\"attachment_401460\" aria-describedby=\"caption-attachment-401460\" style=\"width: 300px\" class=\"wp-caption alignnone\"><img loading=\"lazy\" decoding=\"async\" class=\"size-medium wp-image-401460\" src=\"https:\/\/linitiative.ca\/International\/wp-content\/uploads\/sites\/23\/2022\/01\/Lazare-Bansse-president-de-la-Federation-Burkinabe-de-football-300x208-1.jpg\" alt=\"\" width=\"300\" height=\"208\"><figcaption id=\"caption-attachment-401460\" class=\"wp-caption-text\">Lazare Banss\u00e9<\/figcaption><\/figure>\n<h4 style=\"text-align: justify;\">Une accumulation d\u2019incongruit\u00e9s et qui ne tient pas du hasard \u00e0 en croire le ton employ\u00e9 par Bertrand Traor\u00e9, en conf\u00e9rence de presse cet apr\u00e8s-midi <em>: \u00ab\u00a0C\u2019est un scandale ! On ne peut pas apprendre \u00e0 24h du match que quatre de nos joueurs cadres sont test\u00e9s positifs.\u00a0\u00bb <\/em>Le capitaine des Etalons de rench\u00e9rir <em>: \u00ab\u00a0Il faut que la conf\u00e9d\u00e9ration africaine de football prenne cela en main et que ces tests soient faits selon le r\u00e8glement parce que ce qui s\u2019est pass\u00e9 hier (vendredi)\u2026 C\u2019est compliqu\u00e9!\u00a0\u00bb<\/em><\/h4>\n<h4 style=\"text-align: justify;\">Plus diplomate, l\u2019entra\u00eeneur adjoint de la s\u00e9lection n\u2019en est pas moins rest\u00e9 ferme sur le sujet : <em>\u00ab\u00a0C&rsquo;est tr\u00e8s difficile de pr\u00e9parer un match comme \u00e7a, on ne comprend pas trop et nous n\u2019avons pas la sensation que le protocole a \u00e9t\u00e9 respect\u00e9.\u00a0\u00bb<\/em><\/h4>\n<h4 style=\"text-align: justify;\">Pour le pr\u00e9sident de la F\u00e9d\u00e9ration, cette situation est de nature \u00e0 compromettre l\u2019\u00e9quit\u00e9 sportive et la c\u00e9r\u00e9monie d\u2019ouverture de la CAN Cameroun 2021. <em>\u00ab\u00a0Nous avons des raisons l\u00e9gitimes de douter de la fiabilit\u00e9 des r\u00e9sultats des tests qui ciblent manifestement des joueurs majeurs. Par cons\u00e9quent, nous contestons les r\u00e9sultats transmis par le laboratoire. Nous exigeons la reprise des tests dans un laboratoire ind\u00e9pendant sous la supervision de la CAF et en pr\u00e9sence de nos m\u00e9decins\u00a0\u00bb.<\/em><\/h4>\n<p>Cet article <a rel=\"nofollow\" href=\"https:\/\/www.journalducameroun.com\/can-cameroun-2021-cinq-etalons-testes-positifs-le-burkina-faso-crie-au-scandale\/\">Can Cameroun 2021 : cinq Etalons test\u00e9s positifs, le Burkina-Faso crie au \u00abscandale\u00bb<\/a> est apparu en premier sur <a rel=\"nofollow\" href=\"https:\/\/www.journalducameroun.com\/\">Journal du Cameroun<\/a>.<\/p>\n<\/div>\n<p>Auteur: Emile Zola Nd\u00e9 Tchoussi<br \/>\n<a href=\"https:\/\/www.journalducameroun.com\/can-cameroun-2021-cinq-etalons-testes-positifs-le-burkina-faso-crie-au-scandale\/\">Cliquez ici pour lire l&rsquo;article depuis sa source.<\/a><\/p>\n","protected":false},"excerpt":{"rendered":"<p>Oppos\u00e9 ce dimanche 9 janvier au Cameroun pour l&rsquo;ouverture de la 33\u00e8me \u00e9dition de la Coupe d&rsquo;Afrique des nations, le Burkina Faso a hauss\u00e9 le ton au sujet du protocole li\u00e9 aux tests Covid-19. Le pr\u00e9sident de la F\u00e9d\u00e9ration, puis le capitaine de la s\u00e9lection, Bertrand Traor\u00e9, ont m\u00eame d\u00e9nonc\u00e9 ce samedi \u00ab\u00a0un scandale\u00a0\u00bb. Ce [&hellip;]<\/p>\n","protected":false},"author":1965,"featured_media":0,"comment_status":"closed","ping_status":"closed","sticky":false,"template":"","format":"standard","meta":{"fifu_image_url":"https:\/\/www.journalducameroun.com\/wp-content\/uploads\/2022\/01\/Une-formation-des-Etalons.jpg","fifu_image_alt":"Can Cameroun 2021 : cinq Etalons test\u00e9s positifs, le Burkina-Faso crie au \u00abscandale\u00bb","footnotes":""},"categories":[73,82],"tags":[],"class_list":["post-138046","post","type-post","status-publish","format-standard","hentry","category-actualite","category-cameroun"],"_links":{"self":[{"href":"https:\/\/linitiative.ca\/International\/wp-json\/wp\/v2\/posts\/138046","targetHints":{"allow":["GET"]}}],"collection":[{"href":"https:\/\/linitiative.ca\/International\/wp-json\/wp\/v2\/posts"}],"about":[{"href":"https:\/\/linitiative.ca\/International\/wp-json\/wp\/v2\/types\/post"}],"author":[{"embeddable":true,"href":"https:\/\/linitiative.ca\/International\/wp-json\/wp\/v2\/users\/1965"}],"replies":[{"embeddable":true,"href":"https:\/\/linitiative.ca\/International\/wp-json\/wp\/v2\/comments?post=138046"}],"version-history":[{"count":0,"href":"https:\/\/linitiative.ca\/International\/wp-json\/wp\/v2\/posts\/138046\/revisions"}],"wp:attachment":[{"href":"https:\/\/linitiative.ca\/International\/wp-json\/wp\/v2\/media?parent=138046"}],"wp:term":[{"taxonomy":"category","embeddable":true,"href":"https:\/\/linitiative.ca\/International\/wp-json\/wp\/v2\/categories?post=138046"},{"taxonomy":"post_tag","embeddable":true,"href":"https:\/\/linitiative.ca\/International\/wp-json\/wp\/v2\/tags?post=138046"}],"curies":[{"name":"wp","href":"https:\/\/api.w.org\/{rel}","templated":true}]}}