{"id":138052,"date":"2022-01-08T14:46:28","date_gmt":"2022-01-08T19:46:28","guid":{"rendered":"https:\/\/linitiative.ca\/International\/can-2021-le-burkina-faso-crie-au-complot\/"},"modified":"2022-01-08T14:46:28","modified_gmt":"2022-01-08T19:46:28","slug":"can-2021-le-burkina-faso-crie-au-complot","status":"publish","type":"post","link":"https:\/\/linitiative.ca\/International\/can-2021-le-burkina-faso-crie-au-complot\/","title":{"rendered":"CAN 2021 : le Burkina-Faso crie au complot"},"content":{"rendered":"<div>\n<p>Apr\u00e8s avoir subi les tests vendredi le 07 janvier dernier conform\u00e9ment au protocole sanitaire prescrit, les r\u00e9sultats ont r\u00e9v\u00e9l\u00e9 que (09) neuf Personnes dont (05) cinq joueurs et (03) trois membres du staff technique dont l\u2019entra\u00eeneur principal sont positives. Les joueurs concern\u00e9s sont :<strong> Oula Abass Traor\u00e9, Edmond Faycial Tapsoba, Soumaila Ouattara, Saidou Simpore <\/strong>et<strong> Dango Aboubacar<\/strong>.<\/p>\n<p><strong>Lire aussi<\/strong> : <a href=\"https:\/\/ecomatin.net\/can-2021-comment-la-ville-de-garoua-a-accueilli-ses-stats\/\"><strong>CAN 2021 : comment la ville de Garoua a accueilli ses stats<\/strong><\/a><\/p>\n<p>D\u2019apr\u00e8s les responsables de la F\u00e9d\u00e9ration Burkinab\u00e8, il y a de \u00a0\u00bb graves anomalies dans la proc\u00e9dure de pr\u00e9l\u00e8vement et l\u2019heure tardive d\u2019arriv\u00e9e des techniciens aux environs de 22 heures apr\u00e8s avoir r\u00e9veill\u00e9 les joueurs de leur sommeil\u00a0\u00bb.<\/p>\n<p><strong>Lire aussi<\/strong> : <a href=\"https:\/\/ecomatin.net\/can-2021-le-12e-joueur-larme-secrete-des-super-egales\/\"><strong>CAN 2021 : Le 12e joueur, l\u2019arme secr\u00e8te des Super \u00c9gales<\/strong><\/a><\/p>\n<p>Le Burkina enfonce le clou par ces propos, \u00a0\u00bb Nous avons relev\u00e9 par ailleurs l\u2019arriv\u00e9e dans notre h\u00f4tel d\u2019une \u00e9quipe non mandat\u00e9e que nous avons refoul\u00e9e. Une deuxi\u00e8me \u00e9quipe est arriv\u00e9e n\u2019ayant pr\u00e9sent\u00e9 aucun document officiel d\u2019identification, n\u00e9anmoins, nous avons accept\u00e9 le pr\u00e9l\u00e8vement des \u00e9chantillons par respect pour la CAF malgr\u00e9 les suspicions \u00e9videntes\u00a0\u00bb.<\/p>\n<p><strong>Lire aussi<\/strong> : <a href=\"https:\/\/ecomatin.net\/can-2021-le-12e-joueur-larme-secrete-des-super-egales\/\"><strong>CAN 2021 : Le 12e joueur, l\u2019arme secr\u00e8te des Super \u00c9gales<\/strong><\/a><\/p>\n<p>L\u2019article <a rel=\"nofollow\" href=\"https:\/\/ecomatin.net\/can-2021-le-burkina-faso-crie-au-complot\/\">CAN 2021 : le Burkina-Faso crie au complot<\/a> est apparu en premier sur <a rel=\"nofollow\" href=\"https:\/\/ecomatin.net\/\">EcoMatin<\/a>.<\/p>\n<\/div>\n<p>Auteur: EcoMatin<br \/>\n<a href=\"https:\/\/ecomatin.net\/can-2021-le-burkina-faso-crie-au-complot\/\">Cliquez ici pour lire l&rsquo;article depuis sa source.<\/a><\/p>\n","protected":false},"excerpt":{"rendered":"<p>Apr\u00e8s avoir subi les tests vendredi le 07 janvier dernier conform\u00e9ment au protocole sanitaire prescrit, les r\u00e9sultats ont r\u00e9v\u00e9l\u00e9 que (09) neuf Personnes dont (05) cinq joueurs et (03) trois membres du staff technique dont l\u2019entra\u00eeneur principal sont positives. Les joueurs concern\u00e9s sont : Oula Abass Traor\u00e9, Edmond Faycial Tapsoba, Soumaila Ouattara, Saidou Simpore et [&hellip;]<\/p>\n","protected":false},"author":1969,"featured_media":0,"comment_status":"closed","ping_status":"closed","sticky":false,"template":"","format":"standard","meta":{"fifu_image_url":"","fifu_image_alt":"","footnotes":""},"categories":[82,78],"tags":[],"class_list":["post-138052","post","type-post","status-publish","format-standard","hentry","category-cameroun","category-economie"],"_links":{"self":[{"href":"https:\/\/linitiative.ca\/International\/wp-json\/wp\/v2\/posts\/138052","targetHints":{"allow":["GET"]}}],"collection":[{"href":"https:\/\/linitiative.ca\/International\/wp-json\/wp\/v2\/posts"}],"about":[{"href":"https:\/\/linitiative.ca\/International\/wp-json\/wp\/v2\/types\/post"}],"author":[{"embeddable":true,"href":"https:\/\/linitiative.ca\/International\/wp-json\/wp\/v2\/users\/1969"}],"replies":[{"embeddable":true,"href":"https:\/\/linitiative.ca\/International\/wp-json\/wp\/v2\/comments?post=138052"}],"version-history":[{"count":0,"href":"https:\/\/linitiative.ca\/International\/wp-json\/wp\/v2\/posts\/138052\/revisions"}],"wp:attachment":[{"href":"https:\/\/linitiative.ca\/International\/wp-json\/wp\/v2\/media?parent=138052"}],"wp:term":[{"taxonomy":"category","embeddable":true,"href":"https:\/\/linitiative.ca\/International\/wp-json\/wp\/v2\/categories?post=138052"},{"taxonomy":"post_tag","embeddable":true,"href":"https:\/\/linitiative.ca\/International\/wp-json\/wp\/v2\/tags?post=138052"}],"curies":[{"name":"wp","href":"https:\/\/api.w.org\/{rel}","templated":true}]}}