{"id":138060,"date":"2022-01-09T09:07:46","date_gmt":"2022-01-09T14:07:46","guid":{"rendered":"https:\/\/linitiative.ca\/International\/premier-smartphone-au-maroc-equipe-du-processeur-g96\/"},"modified":"2022-01-09T09:07:46","modified_gmt":"2022-01-09T14:07:46","slug":"premier-smartphone-au-maroc-equipe-du-processeur-g96","status":"publish","type":"post","link":"https:\/\/linitiative.ca\/International\/premier-smartphone-au-maroc-equipe-du-processeur-g96\/","title":{"rendered":"Premier smartphone au Maroc \u00e9quip\u00e9 du processeur G96"},"content":{"rendered":"<div>\n<p class=\"has-text-align-center has-vivid-red-color has-text-color\"><strong>Infinix lance le Note 11 Pro<\/strong><\/p>\n<p class=\"has-text-align-right\"><strong>A\u00efmen Bouzoggaghe<\/strong><\/p>\n<p class=\"has-vivid-cyan-blue-color has-text-color\"><strong>Infinix vient de lancer au Maroc le dernier-n\u00e9 de sa s\u00e9rie haut de gamme le Note 11 Pro. La marque promet, avec ce produit, une puissance et des performances plus rapides, plus fortes et plus efficaces.<\/strong><\/p>\n<p>Selon la marque honkongaise, le Note 11 Pro est le premier smartphone au Maroc aliment\u00e9 avec le nouveau processeur ultra-gaming Helio G96 de MediaTek. Un processeur octa-core dot\u00e9 de deux c\u0153urs puissants notamment \u00ab Arm Cortex-A76 \u00bb pouvant atteindre 2,05 GHz et d\u2019une unit\u00e9 de traitement graphique (GPU) \u00ab Arm Mali-G57 \u00bb pour des performances graphiques fluides et efficaces.<\/p>\n<p>Les capacit\u00e9s de la technologie HyperEngine 2.0 Lite de MediaTek int\u00e9gr\u00e9es au G96 permet \u00e9galement d\u2019acc\u00e9l\u00e9rer le temps de r\u00e9ponse entre le smartphone et la tour cellulaire, tout en permettant des connexions \u00e0 deux bandes ou routeurs Wi-Fi simultan\u00e9ment pour r\u00e9duire la latence et le d\u00e9calage ind\u00e9sirable.<\/p>\n<p><strong>Une exp\u00e9rience de jeu immersive<\/strong><\/p>\n<p>En combinant le logiciel Dar-Link 2.0, l\u2019ultime booster de jeux d\u2019Infinix et le processeur G96 de MediaTek, le Note 11 Pro maximise le plaisir de divertissement tout en restant fluide et efficace. Le logiciel Dar-link 2.0 utilise l\u2019intelligence artificielle (IA) pour am\u00e9liorer la stabilit\u00e9 de l\u2019image. Il apprend les habitudes d\u2019utilisation des consommateurs pour optimiser la batterie, la temp\u00e9rature et la m\u00e9moire pour des performances maximales.<\/p>\n<p>Le Note 11 Pro offre \u00e9galement une exp\u00e9rience ambiophonique gr\u00e2ce aux deux haut-parleurs cin\u00e9matiques avec syst\u00e8mes de th\u00e9\u00e2tre num\u00e9rique (DTS) situ\u00e9s sur le haut et le bas du smartphone, pour immerger l\u2019utilisateur dans la sc\u00e8ne. En outre, un syst\u00e8me SuperCool remarquable avec film de graph\u00e8ne 3D \u00e0 9 couches permet au smartphone de g\u00e9rer efficacement sa temp\u00e9rature pour \u00e9viter la surchauffe et offrir une exp\u00e9rience de jeu sur smartphone plus confortable, immersive et passionnante.<\/p>\n<p>Le Note 11 Pro est \u00e9quip\u00e9 d\u2019une batterie de 5000mAh avec une charge rapide de 33W s\u00e9curis\u00e9e et certifi\u00e9e T\u00dcV Rheinland avec un cycle de charge allant jusqu\u2019\u00e0 800, sans d\u00e9gradation notable de la batterie, d\u2019apr\u00e8s le fabricant. Il offre \u00e9galement un d\u00e9verrouillage lat\u00e9ral par empreintes digitales et reconnaissance faciale et une Ram \u00e9tendue : Les utilisateurs peuvent \u00e9tendre la m\u00e9moire vive de 8G \u00e0 11G de RAM afin de b\u00e9n\u00e9ficier d\u2019une puissance suppl\u00e9mentaire et d\u2019une productivit\u00e9 plus efficace.<\/p>\n<p><strong>Appareil photo ultra nocturne de 64 Mpx<\/strong><\/p>\n<p>Le Note 11 Pro pr\u00e9sente une cam\u00e9ra selfie frontale de 16 MP avec des fonctions d\u2019autofocus rapides qui cr\u00e9ent un rendu net. Les utilisateurs peuvent enregistrer chaque instant avec l\u2019appareil photo ultra-nocturne de 64 Mpx du Pro comprenant un t\u00e9l\u00e9objectif de 13 Mpx avec zoom num\u00e9rique x30 et un objectif Portrait de 2 Mpx.<\/p>\n<p><strong>Prix et disponibilit\u00e9<\/strong><\/p>\n<p>Disponible en trois couleurs : Mithril Grey, Haze Green et Mist blue, le Note 11 Pro est en vente dans tous les points agr\u00e9\u00e9s, au concept store d\u2019Infinix sis Morocco Mall ainsi que sur le site marchand \u00ab\u00a0<a href=\"http:\/\/ma.xpark.com\/\" target=\"_blank\" rel=\"noreferrer noopener\">ma.xpark.com<\/a>\u00a0\u00bb au prix de 2449 dhs.<\/p>\n<p>L\u2019article <a rel=\"nofollow\" href=\"http:\/\/albayane.press.ma\/premier-smartphone-au-maroc-equipe-du-processeur-g96.html\">Premier smartphone au Maroc \u00e9quip\u00e9 du processeur G96<\/a> est apparu en premier sur <a rel=\"nofollow\" href=\"http:\/\/albayane.press.ma\/\">ALBAYANE<\/a>.<\/p>\n<\/div>\n<p>Auteur: M&rsquo;hammed rahal<br \/>\n<a href=\"http:\/\/albayane.press.ma\/premier-smartphone-au-maroc-equipe-du-processeur-g96.html\">Cliquez ici pour lire l&rsquo;article depuis sa source.<\/a><\/p>\n","protected":false},"excerpt":{"rendered":"<p>Infinix lance le Note 11 Pro A\u00efmen Bouzoggaghe Infinix vient de lancer au Maroc le dernier-n\u00e9 de sa s\u00e9rie haut de gamme le Note 11 Pro. La marque promet, avec ce produit, une puissance et des performances plus rapides, plus fortes et plus efficaces. Selon la marque honkongaise, le Note 11 Pro est le premier [&hellip;]<\/p>\n","protected":false},"author":1760,"featured_media":0,"comment_status":"closed","ping_status":"closed","sticky":false,"template":"","format":"standard","meta":{"fifu_image_url":"","fifu_image_alt":"","footnotes":""},"categories":[73,54],"tags":[],"class_list":["post-138060","post","type-post","status-publish","format-standard","hentry","category-actualite","category-maroc"],"_links":{"self":[{"href":"https:\/\/linitiative.ca\/International\/wp-json\/wp\/v2\/posts\/138060","targetHints":{"allow":["GET"]}}],"collection":[{"href":"https:\/\/linitiative.ca\/International\/wp-json\/wp\/v2\/posts"}],"about":[{"href":"https:\/\/linitiative.ca\/International\/wp-json\/wp\/v2\/types\/post"}],"author":[{"embeddable":true,"href":"https:\/\/linitiative.ca\/International\/wp-json\/wp\/v2\/users\/1760"}],"replies":[{"embeddable":true,"href":"https:\/\/linitiative.ca\/International\/wp-json\/wp\/v2\/comments?post=138060"}],"version-history":[{"count":0,"href":"https:\/\/linitiative.ca\/International\/wp-json\/wp\/v2\/posts\/138060\/revisions"}],"wp:attachment":[{"href":"https:\/\/linitiative.ca\/International\/wp-json\/wp\/v2\/media?parent=138060"}],"wp:term":[{"taxonomy":"category","embeddable":true,"href":"https:\/\/linitiative.ca\/International\/wp-json\/wp\/v2\/categories?post=138060"},{"taxonomy":"post_tag","embeddable":true,"href":"https:\/\/linitiative.ca\/International\/wp-json\/wp\/v2\/tags?post=138060"}],"curies":[{"name":"wp","href":"https:\/\/api.w.org\/{rel}","templated":true}]}}