{"id":138063,"date":"2022-01-09T09:19:34","date_gmt":"2022-01-09T14:19:34","guid":{"rendered":"https:\/\/linitiative.ca\/International\/une-ville-qui-renait-de-ses-cendres\/"},"modified":"2022-01-09T09:19:34","modified_gmt":"2022-01-09T14:19:34","slug":"une-ville-qui-renait-de-ses-cendres","status":"publish","type":"post","link":"https:\/\/linitiative.ca\/International\/une-ville-qui-renait-de-ses-cendres\/","title":{"rendered":"Une ville qui rena\u00eet de ses cendres"},"content":{"rendered":"<div>\n<p class=\"has-text-align-center has-vivid-red-color has-text-color\"><strong>Le ministre de la Culture \u00e0 Agadir<\/strong><\/p>\n<p class=\"has-text-align-right\"><em><strong>Saoudi El Amalki<\/strong><\/em><\/p>\n<p class=\"has-vivid-cyan-blue-color has-text-color\"><strong>R\u00e9cemment, le ministre de la Culture a atterri sur Agadir pour s\u2019enqu\u00e9rir des chantiers PDU, relevant du ressort de son d\u00e9partement. Sans nul doute, ce gar\u00e7on all\u00e8gre, fort conscient de l\u2019indigence criard de son budget sectoriel, met le paquet sur le principe de partenariat afin de joindre les deux bouts.<\/strong><\/p>\n<p>Son bapt\u00eame sur la capitale du Souss ne passerait pas inaper\u00e7u, d\u2019autant plus que le programme Royal sus cit\u00e9 est combl\u00e9 de sites patrimonial et culturel en ribambelle. R\u00e9put\u00e9 pour le sens de l\u2019\u00e9coute et du discernement fluide, le jeune dirigeant de l\u2019Ex\u00e9cutif semble \u00eatre sid\u00e9r\u00e9 par le potentiel\u00a0 dont regorge la ville en mati\u00e8re d\u2019armatures immat\u00e9rielles. Accompagn\u00e9 du Wali de Souss Massa et du pr\u00e9sident du conseil r\u00e9gional, le cort\u00e8ge se rend \u00e0 la citadelle d\u2019Agadir Oufella o\u00f9 les travaux de r\u00e9habilitation vont bon train depuis d\u00e9j\u00e0 un bon bout de temps.<\/p>\n<p>Il convient de rappeler que ce projet de haute envergure est dot\u00e9 d\u2019une enveloppe budg\u00e9taire globale estim\u00e9e \u00e0 120 millions de dirhams. S\u2019agissant de la restauration de la totalit\u00e9 de la vestige mythique et ses abords, notamment la remise en vie des remparts et l\u2019extraction des fouilles arch\u00e9ologiques, il faudrait bien souligner que ce fut un labeur de longue haleine, d\u00e9ploy\u00e9 au d\u00e9part par un parterre d\u2019experts, en raison de la sp\u00e9cificit\u00e9 architecturale et la d\u00e9licatesse du traitement.<\/p>\n<p>C\u2019est une m\u00e9moire identitaire de toute une r\u00e9gion dont sont toujours fiers les rescap\u00e9s de la cit\u00e9 martyre, mais aussi la post\u00e9rit\u00e9 d\u00e9positaire de cette forteresse, en tant que symbole de toute une histoire. Par la suite, la visite concernait le r\u00e9am\u00e9nagement du cin\u00e9ma Sahara dont l\u2019\u00e9tat d\u2019avancement du travail se produit crescendo pour redorer le blason d\u2019un quartier prestigieux de la ville, portant le nom d\u2019un pr\u00e9d\u00e9cesseur totalement enseveli sous les d\u00e9combres lors du s\u00e9isme de 1960 en l\u2019occurrence Talbortjt. Ce serait peut-\u00eatre l\u2019occasion de r\u00e9it\u00e9rer les expressions de gratitude et d\u2019hommage \u00e0 cette soci\u00e9t\u00e9 civile qui s\u2019est \u00e9nergiquement manifest\u00e9e afin de contribuer \u00e0 la pr\u00e9servation de ce site culturel qui a vu na\u00eetre des g\u00e9n\u00e9rations de cin\u00e9philes de la ville.<\/p>\n<p>Enfin, tout ce beau monde s\u2019en est all\u00e9 visiter le chantier du nouveau th\u00e9\u00e2tre de la m\u00e9tropole, longtemps attendu par les fans de cet art tr\u00e8s pris\u00e9 dans la r\u00e9gion ayant v\u00e9cu le calvaire du manque de salles ad\u00e9quates pour ce genre de spectacle. Faisant partie du splendide projet du parc Al Inbi\u00e2te, cet \u00e9difice n\u00e9cessiterait un budget atteignant environs 2,5 millards de dh et s\u2019\u00e9tendra sur 2 hectares, avec un parking souterrain et une capacit\u00e9 d\u2019accueil de 1000 places.<\/p>\n<p>Ceci \u00e9tant, il va sans dire que le p\u00f4le culturel dont para\u00eet se r\u00e9jouir le ministre se montrant attach\u00e9 au patrimoine et partant pour la promotion de la culture aux diversit\u00e9s certaines dans le pays, est en passe de conna\u00eetre un r\u00e9el jaillissement en ville, en particulier la maison de l\u2019art pr\u00e8s du parc Ibn Za\u00efdoun, le mus\u00e9e sis \u00e0 l\u2019ancienne b\u00e2tisse de Bank Al Maghreb\u2026<\/p>\n<p>Au vu de tout de ce dont s\u2019est ardemment approch\u00e9 de visu, le jeune ministre en ferait, \u00e0 coup s\u00fbr, son cheval de bataille en vue de parachever le volet culturel et patrimonial de ce programme somptueux.<\/p>\n<p>L\u2019article <a rel=\"nofollow\" href=\"http:\/\/albayane.press.ma\/une-ville-qui-renait-de-ses-cendres.html\">Une ville qui rena\u00eet de ses cendres<\/a> est apparu en premier sur <a rel=\"nofollow\" href=\"http:\/\/albayane.press.ma\/\">ALBAYANE<\/a>.<\/p>\n<\/div>\n<p>Auteur: M&rsquo;hammed rahal<br \/>\n<a href=\"http:\/\/albayane.press.ma\/une-ville-qui-renait-de-ses-cendres.html\">Cliquez ici pour lire l&rsquo;article depuis sa source.<\/a><\/p>\n","protected":false},"excerpt":{"rendered":"<p>Le ministre de la Culture \u00e0 Agadir Saoudi El Amalki R\u00e9cemment, le ministre de la Culture a atterri sur Agadir pour s\u2019enqu\u00e9rir des chantiers PDU, relevant du ressort de son d\u00e9partement. Sans nul doute, ce gar\u00e7on all\u00e8gre, fort conscient de l\u2019indigence criard de son budget sectoriel, met le paquet sur le principe de partenariat afin [&hellip;]<\/p>\n","protected":false},"author":1760,"featured_media":0,"comment_status":"closed","ping_status":"closed","sticky":false,"template":"","format":"standard","meta":{"fifu_image_url":"","fifu_image_alt":"","footnotes":""},"categories":[73,54],"tags":[],"class_list":["post-138063","post","type-post","status-publish","format-standard","hentry","category-actualite","category-maroc"],"_links":{"self":[{"href":"https:\/\/linitiative.ca\/International\/wp-json\/wp\/v2\/posts\/138063","targetHints":{"allow":["GET"]}}],"collection":[{"href":"https:\/\/linitiative.ca\/International\/wp-json\/wp\/v2\/posts"}],"about":[{"href":"https:\/\/linitiative.ca\/International\/wp-json\/wp\/v2\/types\/post"}],"author":[{"embeddable":true,"href":"https:\/\/linitiative.ca\/International\/wp-json\/wp\/v2\/users\/1760"}],"replies":[{"embeddable":true,"href":"https:\/\/linitiative.ca\/International\/wp-json\/wp\/v2\/comments?post=138063"}],"version-history":[{"count":0,"href":"https:\/\/linitiative.ca\/International\/wp-json\/wp\/v2\/posts\/138063\/revisions"}],"wp:attachment":[{"href":"https:\/\/linitiative.ca\/International\/wp-json\/wp\/v2\/media?parent=138063"}],"wp:term":[{"taxonomy":"category","embeddable":true,"href":"https:\/\/linitiative.ca\/International\/wp-json\/wp\/v2\/categories?post=138063"},{"taxonomy":"post_tag","embeddable":true,"href":"https:\/\/linitiative.ca\/International\/wp-json\/wp\/v2\/tags?post=138063"}],"curies":[{"name":"wp","href":"https:\/\/api.w.org\/{rel}","templated":true}]}}