{"id":138066,"date":"2022-01-09T06:03:00","date_gmt":"2022-01-09T11:03:00","guid":{"rendered":"https:\/\/linitiative.ca\/International\/fethi-ghares-condamne-a-deux-ans-de-prison-ferme\/"},"modified":"2022-01-09T06:03:00","modified_gmt":"2022-01-09T11:03:00","slug":"fethi-ghares-condamne-a-deux-ans-de-prison-ferme","status":"publish","type":"post","link":"https:\/\/linitiative.ca\/International\/fethi-ghares-condamne-a-deux-ans-de-prison-ferme\/","title":{"rendered":"Fethi Ghares condamn\u00e9 \u00e0 deux ans de prison ferme"},"content":{"rendered":"<div>e parquet avait requis, lors du proc\u00e8s qui s&rsquo;est d\u00e9roul\u00e9 le 26 d\u00e9cembre dernier,  3 ans de prison ferme.<\/div>\n<p>Auteur:<br \/>\n<a href=\"https:\/\/www.liberte-algerie.com\/actualite\/fethi-ghares-condamne-a-deux-ans-de-prison-ferme-371301\">Cliquez ici pour lire l&rsquo;article depuis sa source.<\/a><\/p>\n","protected":false},"excerpt":{"rendered":"<p>e parquet avait requis, lors du proc\u00e8s qui s&rsquo;est d\u00e9roul\u00e9 le 26 d\u00e9cembre dernier, 3 ans de prison ferme. Auteur: Cliquez ici pour lire l&rsquo;article depuis sa source.<\/p>\n","protected":false},"author":1742,"featured_media":0,"comment_status":"closed","ping_status":"closed","sticky":false,"template":"","format":"standard","meta":{"fifu_image_url":"","fifu_image_alt":"","footnotes":""},"categories":[73,53],"tags":[],"class_list":["post-138066","post","type-post","status-publish","format-standard","hentry","category-actualite","category-algerie"],"_links":{"self":[{"href":"https:\/\/linitiative.ca\/International\/wp-json\/wp\/v2\/posts\/138066","targetHints":{"allow":["GET"]}}],"collection":[{"href":"https:\/\/linitiative.ca\/International\/wp-json\/wp\/v2\/posts"}],"about":[{"href":"https:\/\/linitiative.ca\/International\/wp-json\/wp\/v2\/types\/post"}],"author":[{"embeddable":true,"href":"https:\/\/linitiative.ca\/International\/wp-json\/wp\/v2\/users\/1742"}],"replies":[{"embeddable":true,"href":"https:\/\/linitiative.ca\/International\/wp-json\/wp\/v2\/comments?post=138066"}],"version-history":[{"count":0,"href":"https:\/\/linitiative.ca\/International\/wp-json\/wp\/v2\/posts\/138066\/revisions"}],"wp:attachment":[{"href":"https:\/\/linitiative.ca\/International\/wp-json\/wp\/v2\/media?parent=138066"}],"wp:term":[{"taxonomy":"category","embeddable":true,"href":"https:\/\/linitiative.ca\/International\/wp-json\/wp\/v2\/categories?post=138066"},{"taxonomy":"post_tag","embeddable":true,"href":"https:\/\/linitiative.ca\/International\/wp-json\/wp\/v2\/tags?post=138066"}],"curies":[{"name":"wp","href":"https:\/\/api.w.org\/{rel}","templated":true}]}}