{"id":138069,"date":"2022-01-09T04:46:52","date_gmt":"2022-01-09T09:46:52","guid":{"rendered":"https:\/\/linitiative.ca\/International\/prescolaire-une-federation-voit-le-jour\/"},"modified":"2022-01-09T04:46:52","modified_gmt":"2022-01-09T09:46:52","slug":"prescolaire-une-federation-voit-le-jour","status":"publish","type":"post","link":"https:\/\/linitiative.ca\/International\/prescolaire-une-federation-voit-le-jour\/","title":{"rendered":"Pr\u00e9scolaire: Une f\u00e9d\u00e9ration voit le jour"},"content":{"rendered":"<div>\n<div class=\"field field-name-body field-type-text-with-summary field-label-hidden\">\n<div class=\"field-items\">\n<div class=\"field-item even\" property=\"content:encoded\">\n<p class=\"rtejustify\">Une f\u00e9d\u00e9ration marocaine pour l&rsquo;\u00e9ducation et le pr\u00e9scolaire est n\u00e9e. Elle a tenu, samedi Casablanca, son assembl\u00e9e constitutive, sous le th\u00e8me \u00ab\u00a0L&rsquo;enseignement pr\u00e9scolaire, un levier essentiel pour la concr\u00e9tisation de l&rsquo;Etat social\u00a0\u00bb.<\/p>\n<\/div>\n<\/div>\n<\/div>\n<\/div>\n<p>Auteur: hgueye<br \/>\n<a href=\"https:\/\/www.leconomiste.com\/flash-infos\/prescolaire-une-federation-voit-le-jour\">Cliquez ici pour lire l&rsquo;article depuis sa source.<\/a><\/p>\n","protected":false},"excerpt":{"rendered":"<p>Une f\u00e9d\u00e9ration marocaine pour l&rsquo;\u00e9ducation et le pr\u00e9scolaire est n\u00e9e. Elle a tenu, samedi Casablanca, son assembl\u00e9e constitutive, sous le th\u00e8me \u00ab\u00a0L&rsquo;enseignement pr\u00e9scolaire, un levier essentiel pour la concr\u00e9tisation de l&rsquo;Etat social\u00a0\u00bb. Auteur: hgueye Cliquez ici pour lire l&rsquo;article depuis sa source.<\/p>\n","protected":false},"author":1763,"featured_media":0,"comment_status":"closed","ping_status":"closed","sticky":false,"template":"","format":"standard","meta":{"fifu_image_url":"","fifu_image_alt":"","footnotes":""},"categories":[78,54],"tags":[],"class_list":["post-138069","post","type-post","status-publish","format-standard","hentry","category-economie","category-maroc"],"_links":{"self":[{"href":"https:\/\/linitiative.ca\/International\/wp-json\/wp\/v2\/posts\/138069","targetHints":{"allow":["GET"]}}],"collection":[{"href":"https:\/\/linitiative.ca\/International\/wp-json\/wp\/v2\/posts"}],"about":[{"href":"https:\/\/linitiative.ca\/International\/wp-json\/wp\/v2\/types\/post"}],"author":[{"embeddable":true,"href":"https:\/\/linitiative.ca\/International\/wp-json\/wp\/v2\/users\/1763"}],"replies":[{"embeddable":true,"href":"https:\/\/linitiative.ca\/International\/wp-json\/wp\/v2\/comments?post=138069"}],"version-history":[{"count":0,"href":"https:\/\/linitiative.ca\/International\/wp-json\/wp\/v2\/posts\/138069\/revisions"}],"wp:attachment":[{"href":"https:\/\/linitiative.ca\/International\/wp-json\/wp\/v2\/media?parent=138069"}],"wp:term":[{"taxonomy":"category","embeddable":true,"href":"https:\/\/linitiative.ca\/International\/wp-json\/wp\/v2\/categories?post=138069"},{"taxonomy":"post_tag","embeddable":true,"href":"https:\/\/linitiative.ca\/International\/wp-json\/wp\/v2\/tags?post=138069"}],"curies":[{"name":"wp","href":"https:\/\/api.w.org\/{rel}","templated":true}]}}