{"id":138072,"date":"2022-01-09T09:05:07","date_gmt":"2022-01-09T14:05:07","guid":{"rendered":"https:\/\/linitiative.ca\/International\/can-2021-le-maroc-pret-pour-les-black-stars\/"},"modified":"2022-01-09T09:05:07","modified_gmt":"2022-01-09T14:05:07","slug":"can-2021-le-maroc-pret-pour-les-black-stars","status":"publish","type":"post","link":"https:\/\/linitiative.ca\/International\/can-2021-le-maroc-pret-pour-les-black-stars\/","title":{"rendered":"CAN 2021: Le Maroc pr\u00eat pour les Black Stars"},"content":{"rendered":"<div>\n<div class=\"field field-name-body field-type-text-with-summary field-label-hidden\">\n<div class=\"field-items\">\n<div class=\"field-item even\" property=\"content:encoded\">\n<p class=\"rtejustify\">Le Maroc affrontera, lundi 10 janvier, le Ghana au stade Amadou-Ahidjo \u00e0 Yaound\u00e9 dans le cadre du premier match du Groupe C pour la CAN 2021. Les Lions de l\u2019Atlas feront face aux Black Stars sans quelques joueurs touch\u00e9s par le Covid-19 et les blessures. \u00ab\u00a0Comme toutes les \u00e9quipes, nous avons des soucis li\u00e9s aux blessures et d&rsquo;autres li\u00e9s \u00e0 la Covid-19\u00a0\u00bb, a affirm\u00e9, dimanche \u00e0 Yaound\u00e9, le s\u00e9lectionneur national, Vahid Halilhod\u017ei\u0107.<\/p>\n<\/div>\n<\/div>\n<\/div>\n<\/div>\n<p>Auteur: hgueye<br \/>\n<a href=\"https:\/\/www.leconomiste.com\/flash-infos\/can-2021-le-maroc-pret-pour-les-black-stars\">Cliquez ici pour lire l&rsquo;article depuis sa source.<\/a><\/p>\n","protected":false},"excerpt":{"rendered":"<p>Le Maroc affrontera, lundi 10 janvier, le Ghana au stade Amadou-Ahidjo \u00e0 Yaound\u00e9 dans le cadre du premier match du Groupe C pour la CAN 2021. Les Lions de l\u2019Atlas feront face aux Black Stars sans quelques joueurs touch\u00e9s par le Covid-19 et les blessures. \u00ab\u00a0Comme toutes les \u00e9quipes, nous avons des soucis li\u00e9s aux [&hellip;]<\/p>\n","protected":false},"author":1763,"featured_media":0,"comment_status":"closed","ping_status":"closed","sticky":false,"template":"","format":"standard","meta":{"fifu_image_url":"","fifu_image_alt":"","footnotes":""},"categories":[78,54],"tags":[],"class_list":["post-138072","post","type-post","status-publish","format-standard","hentry","category-economie","category-maroc"],"_links":{"self":[{"href":"https:\/\/linitiative.ca\/International\/wp-json\/wp\/v2\/posts\/138072","targetHints":{"allow":["GET"]}}],"collection":[{"href":"https:\/\/linitiative.ca\/International\/wp-json\/wp\/v2\/posts"}],"about":[{"href":"https:\/\/linitiative.ca\/International\/wp-json\/wp\/v2\/types\/post"}],"author":[{"embeddable":true,"href":"https:\/\/linitiative.ca\/International\/wp-json\/wp\/v2\/users\/1763"}],"replies":[{"embeddable":true,"href":"https:\/\/linitiative.ca\/International\/wp-json\/wp\/v2\/comments?post=138072"}],"version-history":[{"count":0,"href":"https:\/\/linitiative.ca\/International\/wp-json\/wp\/v2\/posts\/138072\/revisions"}],"wp:attachment":[{"href":"https:\/\/linitiative.ca\/International\/wp-json\/wp\/v2\/media?parent=138072"}],"wp:term":[{"taxonomy":"category","embeddable":true,"href":"https:\/\/linitiative.ca\/International\/wp-json\/wp\/v2\/categories?post=138072"},{"taxonomy":"post_tag","embeddable":true,"href":"https:\/\/linitiative.ca\/International\/wp-json\/wp\/v2\/tags?post=138072"}],"curies":[{"name":"wp","href":"https:\/\/api.w.org\/{rel}","templated":true}]}}