{"id":138086,"date":"2022-01-09T04:44:30","date_gmt":"2022-01-09T09:44:30","guid":{"rendered":"https:\/\/linitiative.ca\/International\/covid-19-le-monulpavir-disponible-dans-les-hopitaux-chu-cliniques-privees-et-bientot-distribue-dans-les-pharmacies\/"},"modified":"2022-01-09T04:44:30","modified_gmt":"2022-01-09T09:44:30","slug":"covid-19-le-monulpavir-disponible-dans-les-hopitaux-chu-cliniques-privees-et-bientot-distribue-dans-les-pharmacies","status":"publish","type":"post","link":"https:\/\/linitiative.ca\/International\/covid-19-le-monulpavir-disponible-dans-les-hopitaux-chu-cliniques-privees-et-bientot-distribue-dans-les-pharmacies\/","title":{"rendered":"Covid-19. Le \u00ab Monulpavir \u00bb disponible dans les h\u00f4pitaux, CHU, cliniques priv\u00e9es et bient\u00f4t distribu\u00e9 dans les pharmacies"},"content":{"rendered":"<div><img decoding=\"async\" width=\"696\" height=\"413\" src=\"https:\/\/linitiative.ca\/International\/wp-content\/uploads\/sites\/23\/2022\/01\/MEDIC.jpg\" class=\"attachment-post-thumbnail size-post-thumbnail wp-post-image\" alt=\"\" loading=\"lazy\" srcset=\"https:\/\/linitiative.ca\/International\/wp-content\/uploads\/sites\/23\/2022\/01\/MEDIC.jpg 696w, https:\/\/www.challenge.ma\/wp-content\/uploads\/2022\/01\/MEDIC-300x178.jpg 300w, https:\/\/www.challenge.ma\/wp-content\/uploads\/2022\/01\/MEDIC-360x214.jpg 360w\" sizes=\"auto, (max-width: 696px) 100vw, 696px\" itemprop=\"image\">Le Maroc a autoris\u00e9 l\u2019usage d\u2019urgence pour la Covid-19 de \u00ab Molnupiravir \u00bb, devenant l\u2019un des premiers pays au monde \u00e0 approuver ce m\u00e9dicament antiviral du laboratoire am\u00e9ricain Merck. Le traitement antiviral est d\u00e9sormais disponible dans les \u00e9tablissements hospitaliers et sera bient\u00f4t distribu\u00e9 dans les pharmacies. Le m\u00e9dicament antiviral \u00ab<\/div>\n<p>Auteur: challenge<br \/>\n<a href=\"https:\/\/www.challenge.ma\/covid-19-le-monulpavir-disponible-dans-les-hopitaux-chu-cliniques-privees-et-bientot-distribue-dans-les-pharmacies-230343\/\">Cliquez ici pour lire l&rsquo;article depuis sa source.<\/a><\/p>\n","protected":false},"excerpt":{"rendered":"<p>Le Maroc a autoris\u00e9 l\u2019usage d\u2019urgence pour la Covid-19 de \u00ab Molnupiravir \u00bb, devenant l\u2019un des premiers pays au monde \u00e0 approuver ce m\u00e9dicament antiviral du laboratoire am\u00e9ricain Merck. Le traitement antiviral est d\u00e9sormais disponible dans les \u00e9tablissements hospitaliers et sera bient\u00f4t distribu\u00e9 dans les pharmacies. Le m\u00e9dicament antiviral \u00ab Auteur: challenge Cliquez ici pour [&hellip;]<\/p>\n","protected":false},"author":1787,"featured_media":0,"comment_status":"closed","ping_status":"closed","sticky":false,"template":"","format":"standard","meta":{"fifu_image_url":"https:\/\/www.challenge.ma\/wp-content\/uploads\/2022\/01\/MEDIC.jpg","fifu_image_alt":"Covid-19. Le \u00ab Monulpavir \u00bb disponible dans les h\u00f4pitaux, CHU, cliniques priv\u00e9es et bient\u00f4t distribu\u00e9 dans les pharmacies","footnotes":""},"categories":[78,54],"tags":[],"class_list":["post-138086","post","type-post","status-publish","format-standard","hentry","category-economie","category-maroc"],"_links":{"self":[{"href":"https:\/\/linitiative.ca\/International\/wp-json\/wp\/v2\/posts\/138086","targetHints":{"allow":["GET"]}}],"collection":[{"href":"https:\/\/linitiative.ca\/International\/wp-json\/wp\/v2\/posts"}],"about":[{"href":"https:\/\/linitiative.ca\/International\/wp-json\/wp\/v2\/types\/post"}],"author":[{"embeddable":true,"href":"https:\/\/linitiative.ca\/International\/wp-json\/wp\/v2\/users\/1787"}],"replies":[{"embeddable":true,"href":"https:\/\/linitiative.ca\/International\/wp-json\/wp\/v2\/comments?post=138086"}],"version-history":[{"count":0,"href":"https:\/\/linitiative.ca\/International\/wp-json\/wp\/v2\/posts\/138086\/revisions"}],"wp:attachment":[{"href":"https:\/\/linitiative.ca\/International\/wp-json\/wp\/v2\/media?parent=138086"}],"wp:term":[{"taxonomy":"category","embeddable":true,"href":"https:\/\/linitiative.ca\/International\/wp-json\/wp\/v2\/categories?post=138086"},{"taxonomy":"post_tag","embeddable":true,"href":"https:\/\/linitiative.ca\/International\/wp-json\/wp\/v2\/tags?post=138086"}],"curies":[{"name":"wp","href":"https:\/\/api.w.org\/{rel}","templated":true}]}}