{"id":138088,"date":"2022-01-09T05:48:55","date_gmt":"2022-01-09T10:48:55","guid":{"rendered":"https:\/\/linitiative.ca\/International\/un-ferry-special-pour-le-retour-des-francais-citoyens-europeens-et-residents-permanents-en-france\/"},"modified":"2022-01-09T05:48:55","modified_gmt":"2022-01-09T10:48:55","slug":"un-ferry-special-pour-le-retour-des-francais-citoyens-europeens-et-residents-permanents-en-france","status":"publish","type":"post","link":"https:\/\/linitiative.ca\/International\/un-ferry-special-pour-le-retour-des-francais-citoyens-europeens-et-residents-permanents-en-france\/","title":{"rendered":"Un ferry sp\u00e9cial pour le retour des Fran\u00e7ais, citoyens europ\u00e9ens et r\u00e9sidents permanents en France"},"content":{"rendered":"<div><img decoding=\"async\" width=\"805\" height=\"403\" src=\"https:\/\/linitiative.ca\/International\/wp-content\/uploads\/sites\/23\/2022\/01\/FERRY.png\" class=\"attachment-post-thumbnail size-post-thumbnail wp-post-image\" alt=\"\" loading=\"lazy\" srcset=\"https:\/\/linitiative.ca\/International\/wp-content\/uploads\/sites\/23\/2022\/01\/FERRY.png 805w, https:\/\/www.challenge.ma\/wp-content\/uploads\/2022\/01\/FERRY-300x150.png 300w, https:\/\/www.challenge.ma\/wp-content\/uploads\/2022\/01\/FERRY-768x384.png 768w, https:\/\/www.challenge.ma\/wp-content\/uploads\/2022\/01\/FERRY-360x180.png 360w, https:\/\/www.challenge.ma\/wp-content\/uploads\/2022\/01\/FERRY-750x375.png 750w\" sizes=\"auto, (max-width: 805px) 100vw, 805px\" itemprop=\"image\">Pour permettre aux Fran\u00e7ais, aux citoyens europ\u00e9ens et aux r\u00e9sidents permanents en France voyageant \u00e0 bord d\u2019un v\u00e9hicule immatricul\u00e9 en Europe de rentrer, un ferry sp\u00e9cial sera mis en place en lien avec les autorit\u00e9s marocaines, a annonc\u00e9 sur son site l\u2019Ambassade de France au Maroc. Les d\u00e9tails. Bonne nouvelle<\/div>\n<p>Auteur: challenge<br \/>\n<a href=\"https:\/\/www.challenge.ma\/un-ferry-special-pour-le-retour-des-francais-citoyens-europeens-et-residents-permanents-en-france-230347\/\">Cliquez ici pour lire l&rsquo;article depuis sa source.<\/a><\/p>\n","protected":false},"excerpt":{"rendered":"<p>Pour permettre aux Fran\u00e7ais, aux citoyens europ\u00e9ens et aux r\u00e9sidents permanents en France voyageant \u00e0 bord d\u2019un v\u00e9hicule immatricul\u00e9 en Europe de rentrer, un ferry sp\u00e9cial sera mis en place en lien avec les autorit\u00e9s marocaines, a annonc\u00e9 sur son site l\u2019Ambassade de France au Maroc. Les d\u00e9tails. Bonne nouvelle Auteur: challenge Cliquez ici pour [&hellip;]<\/p>\n","protected":false},"author":1787,"featured_media":0,"comment_status":"closed","ping_status":"closed","sticky":false,"template":"","format":"standard","meta":{"fifu_image_url":"https:\/\/www.challenge.ma\/wp-content\/uploads\/2022\/01\/FERRY.png","fifu_image_alt":"Un ferry sp\u00e9cial pour le retour des Fran\u00e7ais, citoyens europ\u00e9ens et r\u00e9sidents permanents en France","footnotes":""},"categories":[78,54],"tags":[],"class_list":["post-138088","post","type-post","status-publish","format-standard","hentry","category-economie","category-maroc"],"_links":{"self":[{"href":"https:\/\/linitiative.ca\/International\/wp-json\/wp\/v2\/posts\/138088","targetHints":{"allow":["GET"]}}],"collection":[{"href":"https:\/\/linitiative.ca\/International\/wp-json\/wp\/v2\/posts"}],"about":[{"href":"https:\/\/linitiative.ca\/International\/wp-json\/wp\/v2\/types\/post"}],"author":[{"embeddable":true,"href":"https:\/\/linitiative.ca\/International\/wp-json\/wp\/v2\/users\/1787"}],"replies":[{"embeddable":true,"href":"https:\/\/linitiative.ca\/International\/wp-json\/wp\/v2\/comments?post=138088"}],"version-history":[{"count":0,"href":"https:\/\/linitiative.ca\/International\/wp-json\/wp\/v2\/posts\/138088\/revisions"}],"wp:attachment":[{"href":"https:\/\/linitiative.ca\/International\/wp-json\/wp\/v2\/media?parent=138088"}],"wp:term":[{"taxonomy":"category","embeddable":true,"href":"https:\/\/linitiative.ca\/International\/wp-json\/wp\/v2\/categories?post=138088"},{"taxonomy":"post_tag","embeddable":true,"href":"https:\/\/linitiative.ca\/International\/wp-json\/wp\/v2\/tags?post=138088"}],"curies":[{"name":"wp","href":"https:\/\/api.w.org\/{rel}","templated":true}]}}