{"id":138090,"date":"2022-01-09T06:58:15","date_gmt":"2022-01-09T11:58:15","guid":{"rendered":"https:\/\/linitiative.ca\/International\/le-maroc-sapprete-a-acquerir-deux-avions-de-patrouille-maritime-mpa\/"},"modified":"2022-01-09T06:58:15","modified_gmt":"2022-01-09T11:58:15","slug":"le-maroc-sapprete-a-acquerir-deux-avions-de-patrouille-maritime-mpa","status":"publish","type":"post","link":"https:\/\/linitiative.ca\/International\/le-maroc-sapprete-a-acquerir-deux-avions-de-patrouille-maritime-mpa\/","title":{"rendered":"Le Maroc s\u2019appr\u00eate \u00e0 acqu\u00e9rir deux avions de patrouille maritime MPA"},"content":{"rendered":"<div><img decoding=\"async\" width=\"653\" height=\"374\" src=\"https:\/\/linitiative.ca\/International\/wp-content\/uploads\/sites\/23\/2022\/01\/MARINE.png\" class=\"attachment-post-thumbnail size-post-thumbnail wp-post-image\" alt=\"\" loading=\"lazy\" srcset=\"https:\/\/linitiative.ca\/International\/wp-content\/uploads\/sites\/23\/2022\/01\/MARINE.png 653w, https:\/\/www.challenge.ma\/wp-content\/uploads\/2022\/01\/MARINE-300x172.png 300w, https:\/\/www.challenge.ma\/wp-content\/uploads\/2022\/01\/MARINE-360x206.png 360w\" sizes=\"auto, (max-width: 653px) 100vw, 653px\" itemprop=\"image\">Le Maroc compte d\u2019acqu\u00e9rir deux avions MPA (Maritime Patrol Aircraft) au profit de la Marine royale. Plusieurs constructeurs se sont positionn\u00e9s pour fournir ces appareils sp\u00e9cialis\u00e9s la lutte anti-sous-marine, le renseignement, la surveillance et la reconnaissance maritime, la recherche et le sauvetage en mer, et les contre-mesures \u00e9lectroniques, selon le<\/div>\n<p>Auteur: challenge<br \/>\n<a href=\"https:\/\/www.challenge.ma\/le-maroc-envisage-sapprete-a-acquerir-deux-avions-de-patrouille-maritime-mpa-230353\/\">Cliquez ici pour lire l&rsquo;article depuis sa source.<\/a><\/p>\n","protected":false},"excerpt":{"rendered":"<p>Le Maroc compte d\u2019acqu\u00e9rir deux avions MPA (Maritime Patrol Aircraft) au profit de la Marine royale. Plusieurs constructeurs se sont positionn\u00e9s pour fournir ces appareils sp\u00e9cialis\u00e9s la lutte anti-sous-marine, le renseignement, la surveillance et la reconnaissance maritime, la recherche et le sauvetage en mer, et les contre-mesures \u00e9lectroniques, selon le Auteur: challenge Cliquez ici pour [&hellip;]<\/p>\n","protected":false},"author":1787,"featured_media":0,"comment_status":"closed","ping_status":"closed","sticky":false,"template":"","format":"standard","meta":{"fifu_image_url":"https:\/\/www.challenge.ma\/wp-content\/uploads\/2022\/01\/MARINE.png","fifu_image_alt":"Le Maroc s\u2019appr\u00eate \u00e0 acqu\u00e9rir deux avions de patrouille maritime MPA","footnotes":""},"categories":[78,54],"tags":[],"class_list":["post-138090","post","type-post","status-publish","format-standard","hentry","category-economie","category-maroc"],"_links":{"self":[{"href":"https:\/\/linitiative.ca\/International\/wp-json\/wp\/v2\/posts\/138090","targetHints":{"allow":["GET"]}}],"collection":[{"href":"https:\/\/linitiative.ca\/International\/wp-json\/wp\/v2\/posts"}],"about":[{"href":"https:\/\/linitiative.ca\/International\/wp-json\/wp\/v2\/types\/post"}],"author":[{"embeddable":true,"href":"https:\/\/linitiative.ca\/International\/wp-json\/wp\/v2\/users\/1787"}],"replies":[{"embeddable":true,"href":"https:\/\/linitiative.ca\/International\/wp-json\/wp\/v2\/comments?post=138090"}],"version-history":[{"count":0,"href":"https:\/\/linitiative.ca\/International\/wp-json\/wp\/v2\/posts\/138090\/revisions"}],"wp:attachment":[{"href":"https:\/\/linitiative.ca\/International\/wp-json\/wp\/v2\/media?parent=138090"}],"wp:term":[{"taxonomy":"category","embeddable":true,"href":"https:\/\/linitiative.ca\/International\/wp-json\/wp\/v2\/categories?post=138090"},{"taxonomy":"post_tag","embeddable":true,"href":"https:\/\/linitiative.ca\/International\/wp-json\/wp\/v2\/tags?post=138090"}],"curies":[{"name":"wp","href":"https:\/\/api.w.org\/{rel}","templated":true}]}}