{"id":138092,"date":"2022-01-09T08:08:23","date_gmt":"2022-01-09T13:08:23","guid":{"rendered":"https:\/\/linitiative.ca\/International\/covid-19-variant-omicron-majoritaire-au-maroc-pourquoi-est-ce-peut-etre-une-bonne-nouvelle\/"},"modified":"2022-01-09T08:08:23","modified_gmt":"2022-01-09T13:08:23","slug":"covid-19-variant-omicron-majoritaire-au-maroc-pourquoi-est-ce-peut-etre-une-bonne-nouvelle","status":"publish","type":"post","link":"https:\/\/linitiative.ca\/International\/covid-19-variant-omicron-majoritaire-au-maroc-pourquoi-est-ce-peut-etre-une-bonne-nouvelle\/","title":{"rendered":"Covid-19. Variant Omicron majoritaire au Maroc : pourquoi est-ce peut-\u00eatre une bonne nouvelle ?"},"content":{"rendered":"<div><img decoding=\"async\" width=\"600\" height=\"400\" src=\"https:\/\/linitiative.ca\/International\/wp-content\/uploads\/sites\/23\/2022\/01\/OMICRON.jpg\" class=\"attachment-post-thumbnail size-post-thumbnail wp-post-image\" alt=\"\" loading=\"lazy\" srcset=\"https:\/\/linitiative.ca\/International\/wp-content\/uploads\/sites\/23\/2022\/01\/OMICRON.jpg 600w, https:\/\/www.challenge.ma\/wp-content\/uploads\/2022\/01\/OMICRON-300x200.jpg 300w, https:\/\/www.challenge.ma\/wp-content\/uploads\/2022\/01\/OMICRON-360x240.jpg 360w\" sizes=\"auto, (max-width: 600px) 100vw, 600px\" itemprop=\"image\">Le variant Omicron repr\u00e9sente actuellement plus de 70% des cas positifs au Covid-19, d\u00e9passant ainsi le variant Delta qui a pr\u00e9domin\u00e9 lors des derniers mois, selon\u00a0 le ministre de la Sant\u00e9 et de la Protection sociale, Khalid Ait Taleb. Inqui\u00e9tant par sa contagiosit\u00e9 et ses nombreuses mutations, Omicron semble moins<\/div>\n<p>Auteur: challenge<br \/>\n<a href=\"https:\/\/www.challenge.ma\/covid-19-variant-omicron-majoritaire-au-maroc-pourquoi-est-ce-peut-etre-une-bonne-nouvelle-230359\/\">Cliquez ici pour lire l&rsquo;article depuis sa source.<\/a><\/p>\n","protected":false},"excerpt":{"rendered":"<p>Le variant Omicron repr\u00e9sente actuellement plus de 70% des cas positifs au Covid-19, d\u00e9passant ainsi le variant Delta qui a pr\u00e9domin\u00e9 lors des derniers mois, selon\u00a0 le ministre de la Sant\u00e9 et de la Protection sociale, Khalid Ait Taleb. Inqui\u00e9tant par sa contagiosit\u00e9 et ses nombreuses mutations, Omicron semble moins Auteur: challenge Cliquez ici pour [&hellip;]<\/p>\n","protected":false},"author":1787,"featured_media":0,"comment_status":"closed","ping_status":"closed","sticky":false,"template":"","format":"standard","meta":{"fifu_image_url":"https:\/\/www.challenge.ma\/wp-content\/uploads\/2022\/01\/OMICRON.jpg","fifu_image_alt":"Covid-19. Variant Omicron majoritaire au Maroc : pourquoi est-ce peut-\u00eatre une bonne nouvelle ?","footnotes":""},"categories":[78,54],"tags":[],"class_list":["post-138092","post","type-post","status-publish","format-standard","hentry","category-economie","category-maroc"],"_links":{"self":[{"href":"https:\/\/linitiative.ca\/International\/wp-json\/wp\/v2\/posts\/138092","targetHints":{"allow":["GET"]}}],"collection":[{"href":"https:\/\/linitiative.ca\/International\/wp-json\/wp\/v2\/posts"}],"about":[{"href":"https:\/\/linitiative.ca\/International\/wp-json\/wp\/v2\/types\/post"}],"author":[{"embeddable":true,"href":"https:\/\/linitiative.ca\/International\/wp-json\/wp\/v2\/users\/1787"}],"replies":[{"embeddable":true,"href":"https:\/\/linitiative.ca\/International\/wp-json\/wp\/v2\/comments?post=138092"}],"version-history":[{"count":0,"href":"https:\/\/linitiative.ca\/International\/wp-json\/wp\/v2\/posts\/138092\/revisions"}],"wp:attachment":[{"href":"https:\/\/linitiative.ca\/International\/wp-json\/wp\/v2\/media?parent=138092"}],"wp:term":[{"taxonomy":"category","embeddable":true,"href":"https:\/\/linitiative.ca\/International\/wp-json\/wp\/v2\/categories?post=138092"},{"taxonomy":"post_tag","embeddable":true,"href":"https:\/\/linitiative.ca\/International\/wp-json\/wp\/v2\/tags?post=138092"}],"curies":[{"name":"wp","href":"https:\/\/api.w.org\/{rel}","templated":true}]}}