{"id":138095,"date":"2022-01-09T15:18:14","date_gmt":"2022-01-09T20:18:14","guid":{"rendered":"https:\/\/linitiative.ca\/International\/en-en-images-la-2e-seance-a-limbe-en-presence-dhannibal-mejbri\/"},"modified":"2022-01-09T15:18:14","modified_gmt":"2022-01-09T20:18:14","slug":"en-en-images-la-2e-seance-a-limbe-en-presence-dhannibal-mejbri","status":"publish","type":"post","link":"https:\/\/linitiative.ca\/International\/en-en-images-la-2e-seance-a-limbe-en-presence-dhannibal-mejbri\/","title":{"rendered":"EN : En images, la 2e s\u00e9ance \u00e0 Limb\u00e9 en pr\u00e9sence d\u2019Hannibal Mejbri"},"content":{"rendered":"<div>\n<p>La deuxi\u00e8me s\u00e9ance d\u2019entra\u00eenement des Aigles de Carthage \u00e0 Limb\u00e9 a vu la participation du milieu de Manchester United Hannibal Mejbri, arriv\u00e9 hier avec le responsable Med Slim Ben Othmen. En attendant \u00e9galement l\u2019arriv\u00e9e du milieu offensif d\u2019Al Arabi, Youssef Msakni pour renforcer la troupe du s\u00e9lectionneur Mondher Kebaier, qui va devoir composer avec le [\u2026]<\/p>\n<p>L\u2019article <a href=\"https:\/\/sport.tunisienumerique.com\/en-en-images-la-2e-seance-a-limbe-en-presence-dhannibal-mejbri\/\">EN : En images, la 2e s\u00e9ance \u00e0 Limb\u00e9 en pr\u00e9sence d\u2019Hannibal Mejbri<\/a> est apparu en premier sur <a href=\"https:\/\/www.tunisienumerique.com\/\">Tunisie<\/a>.<\/p>\n<\/div>\n<p>Auteur: Hamza Ben Khlifa<br \/>\n<a href=\"https:\/\/sport.tunisienumerique.com\/en-en-images-la-2e-seance-a-limbe-en-presence-dhannibal-mejbri\/\">Cliquez ici pour lire l&rsquo;article depuis sa source.<\/a><\/p>\n","protected":false},"excerpt":{"rendered":"<p>La deuxi\u00e8me s\u00e9ance d\u2019entra\u00eenement des Aigles de Carthage \u00e0 Limb\u00e9 a vu la participation du milieu de Manchester United Hannibal Mejbri, arriv\u00e9 hier avec le responsable Med Slim Ben Othmen. En attendant \u00e9galement l\u2019arriv\u00e9e du milieu offensif d\u2019Al Arabi, Youssef Msakni pour renforcer la troupe du s\u00e9lectionneur Mondher Kebaier, qui va devoir composer avec le [&hellip;]<\/p>\n","protected":false},"author":1789,"featured_media":0,"comment_status":"closed","ping_status":"closed","sticky":false,"template":"","format":"standard","meta":{"fifu_image_url":"","fifu_image_alt":"","footnotes":""},"categories":[73,55],"tags":[],"class_list":["post-138095","post","type-post","status-publish","format-standard","hentry","category-actualite","category-tunisie"],"_links":{"self":[{"href":"https:\/\/linitiative.ca\/International\/wp-json\/wp\/v2\/posts\/138095","targetHints":{"allow":["GET"]}}],"collection":[{"href":"https:\/\/linitiative.ca\/International\/wp-json\/wp\/v2\/posts"}],"about":[{"href":"https:\/\/linitiative.ca\/International\/wp-json\/wp\/v2\/types\/post"}],"author":[{"embeddable":true,"href":"https:\/\/linitiative.ca\/International\/wp-json\/wp\/v2\/users\/1789"}],"replies":[{"embeddable":true,"href":"https:\/\/linitiative.ca\/International\/wp-json\/wp\/v2\/comments?post=138095"}],"version-history":[{"count":0,"href":"https:\/\/linitiative.ca\/International\/wp-json\/wp\/v2\/posts\/138095\/revisions"}],"wp:attachment":[{"href":"https:\/\/linitiative.ca\/International\/wp-json\/wp\/v2\/media?parent=138095"}],"wp:term":[{"taxonomy":"category","embeddable":true,"href":"https:\/\/linitiative.ca\/International\/wp-json\/wp\/v2\/categories?post=138095"},{"taxonomy":"post_tag","embeddable":true,"href":"https:\/\/linitiative.ca\/International\/wp-json\/wp\/v2\/tags?post=138095"}],"curies":[{"name":"wp","href":"https:\/\/api.w.org\/{rel}","templated":true}]}}