{"id":138098,"date":"2022-01-09T15:58:00","date_gmt":"2022-01-09T20:58:00","guid":{"rendered":"https:\/\/linitiative.ca\/International\/tunisie-ennahdha-va-revenir-a-la-mobilisation-dans-les-mosquees\/"},"modified":"2022-01-09T15:58:00","modified_gmt":"2022-01-09T20:58:00","slug":"tunisie-ennahdha-va-revenir-a-la-mobilisation-dans-les-mosquees","status":"publish","type":"post","link":"https:\/\/linitiative.ca\/International\/tunisie-ennahdha-va-revenir-a-la-mobilisation-dans-les-mosquees\/","title":{"rendered":"Tunisie \u2013 Ennahdha va revenir \u00e0 la mobilisation dans les mosqu\u00e9es"},"content":{"rendered":"<div>\n<p>Ennahdha se pr\u00e9pare \u00e0 un rude test, ce vendredi. Celui de se mesurer \u00e0 la rue. Les islamistes veulent mobiliser le plus grand nombre de sympathisants dans la rue pour ce qu\u2019ils qualifient de \u00ab\u00a0manifestation d\u00e9cisive\u00a0\u00bb. Ils entendent montrer \u00e0 tout le monde, et surtout, aux repr\u00e9sentants des m\u00e9dias \u00e9trangers qui ne manqueront pas de [\u2026]<\/p>\n<p>L\u2019article <a href=\"https:\/\/www.tunisienumerique.com\/tunisie-ennahdha-va-revenir-a-la-mobilisation-dans-les-mosquees\/\">Tunisie \u2013 Ennahdha va revenir \u00e0 la mobilisation dans les mosqu\u00e9es<\/a> est apparu en premier sur <a href=\"https:\/\/www.tunisienumerique.com\/\">Tunisie<\/a>.<\/p>\n<\/div>\n<p>Auteur: LM<br \/>\n<a href=\"https:\/\/www.tunisienumerique.com\/tunisie-ennahdha-va-revenir-a-la-mobilisation-dans-les-mosquees\/\">Cliquez ici pour lire l&rsquo;article depuis sa source.<\/a><\/p>\n","protected":false},"excerpt":{"rendered":"<p>Ennahdha se pr\u00e9pare \u00e0 un rude test, ce vendredi. Celui de se mesurer \u00e0 la rue. Les islamistes veulent mobiliser le plus grand nombre de sympathisants dans la rue pour ce qu\u2019ils qualifient de \u00ab\u00a0manifestation d\u00e9cisive\u00a0\u00bb. Ils entendent montrer \u00e0 tout le monde, et surtout, aux repr\u00e9sentants des m\u00e9dias \u00e9trangers qui ne manqueront pas de [&hellip;]<\/p>\n","protected":false},"author":1789,"featured_media":0,"comment_status":"closed","ping_status":"closed","sticky":false,"template":"","format":"standard","meta":{"fifu_image_url":"","fifu_image_alt":"","footnotes":""},"categories":[73,55],"tags":[],"class_list":["post-138098","post","type-post","status-publish","format-standard","hentry","category-actualite","category-tunisie"],"_links":{"self":[{"href":"https:\/\/linitiative.ca\/International\/wp-json\/wp\/v2\/posts\/138098","targetHints":{"allow":["GET"]}}],"collection":[{"href":"https:\/\/linitiative.ca\/International\/wp-json\/wp\/v2\/posts"}],"about":[{"href":"https:\/\/linitiative.ca\/International\/wp-json\/wp\/v2\/types\/post"}],"author":[{"embeddable":true,"href":"https:\/\/linitiative.ca\/International\/wp-json\/wp\/v2\/users\/1789"}],"replies":[{"embeddable":true,"href":"https:\/\/linitiative.ca\/International\/wp-json\/wp\/v2\/comments?post=138098"}],"version-history":[{"count":0,"href":"https:\/\/linitiative.ca\/International\/wp-json\/wp\/v2\/posts\/138098\/revisions"}],"wp:attachment":[{"href":"https:\/\/linitiative.ca\/International\/wp-json\/wp\/v2\/media?parent=138098"}],"wp:term":[{"taxonomy":"category","embeddable":true,"href":"https:\/\/linitiative.ca\/International\/wp-json\/wp\/v2\/categories?post=138098"},{"taxonomy":"post_tag","embeddable":true,"href":"https:\/\/linitiative.ca\/International\/wp-json\/wp\/v2\/tags?post=138098"}],"curies":[{"name":"wp","href":"https:\/\/api.w.org\/{rel}","templated":true}]}}