{"id":138099,"date":"2022-01-09T05:30:37","date_gmt":"2022-01-09T10:30:37","guid":{"rendered":"https:\/\/linitiative.ca\/International\/burkina-le-president-du-faso-prend-part-ce-dimanche-a-accra-aux-sommets-de-la-cedeao-et-de-l-uemoa\/"},"modified":"2022-01-09T05:30:37","modified_gmt":"2022-01-09T10:30:37","slug":"burkina-le-president-du-faso-prend-part-ce-dimanche-a-accra-aux-sommets-de-la-cedeao-et-de-l-uemoa","status":"publish","type":"post","link":"https:\/\/linitiative.ca\/International\/burkina-le-president-du-faso-prend-part-ce-dimanche-a-accra-aux-sommets-de-la-cedeao-et-de-l-uemoa\/","title":{"rendered":"Burkina : Le pr\u00e9sident du Faso\u00a0prend part ce dimanche \u00e0 Accra aux sommets de la CEDEAO et de l UEMOA."},"content":{"rendered":"<div>\n<p>Le pr\u00e9sident du Faso Roch Marc Christian Kabor\u00e9 a quitt\u00e9 Ouagadougou hier apr\u00e8s-midi pour Accra au Ghana o\u00f9 il prend part ce dimanche \u00e0 un sommet extraordinaire de la Conf\u00e9rence des chefs d\u2019Etat et de gouvernement de la CEDEAO sur la situation politique au Mali.<\/p>\n<p>Roch Marc Christian Kabor\u00e9 et ses pairs de la CEDEAO vont examiner un m\u00e9morandum, qui sera pr\u00e9sent\u00e9 par le m\u00e9diateur pour le Mali, Goodluck Jonathan.<\/p>\n<p>Avant ce sommet, les chefs d\u2019Etat et de gouvernement de l\u2019Union \u00e9conomique et Mon\u00e9taire Ouest- africaine (UEMOA) se rencontreront pour \u00e9changer sur le m\u00eame sujet.<\/p>\n<p>\u00a0<\/p>\n<p>Source: Direction de la communication de la pr\u00e9sidence du Faso<\/p>\n<p>\u00a0<\/p>\n<p>L\u2019article <a rel=\"nofollow\" href=\"https:\/\/www.sidwaya.info\/blog\/2022\/01\/09\/burkina-le-president-kabore-prend-part-ce-dimanche-a-aca-aux-sommets-de-la-cedeao-et-de-l-uemoa\/\">Burkina : Le pr\u00e9sident du Faso\u00a0prend part ce dimanche \u00e0 Accra aux sommets de la CEDEAO et de l UEMOA.<\/a> est apparu en premier sur <a rel=\"nofollow\" href=\"https:\/\/www.sidwaya.info\/\">Quotidien Sidwaya<\/a>.<\/p>\n<\/div>\n<p>Auteur: BS. Sidwaya<br \/>\n<a href=\"https:\/\/www.sidwaya.info\/blog\/2022\/01\/09\/burkina-le-president-kabore-prend-part-ce-dimanche-a-aca-aux-sommets-de-la-cedeao-et-de-l-uemoa\/?utm_source=rss&#038;utm_medium=rss&#038;utm_campaign=burkina-le-president-kabore-prend-part-ce-dimanche-a-aca-aux-sommets-de-la-cedeao-et-de-l-uemoa\">Cliquez ici pour lire l&rsquo;article depuis sa source.<\/a><\/p>\n","protected":false},"excerpt":{"rendered":"<p>Le pr\u00e9sident du Faso Roch Marc Christian Kabor\u00e9 a quitt\u00e9 Ouagadougou hier apr\u00e8s-midi pour Accra au Ghana o\u00f9 il prend part ce dimanche \u00e0 un sommet extraordinaire de la Conf\u00e9rence des chefs d\u2019Etat et de gouvernement de la CEDEAO sur la situation politique au Mali. Roch Marc Christian Kabor\u00e9 et ses pairs de la CEDEAO [&hellip;]<\/p>\n","protected":false},"author":1816,"featured_media":0,"comment_status":"closed","ping_status":"closed","sticky":false,"template":"","format":"standard","meta":{"fifu_image_url":"","fifu_image_alt":"","footnotes":""},"categories":[73,81],"tags":[],"class_list":["post-138099","post","type-post","status-publish","format-standard","hentry","category-actualite","category-burkina-faso"],"_links":{"self":[{"href":"https:\/\/linitiative.ca\/International\/wp-json\/wp\/v2\/posts\/138099","targetHints":{"allow":["GET"]}}],"collection":[{"href":"https:\/\/linitiative.ca\/International\/wp-json\/wp\/v2\/posts"}],"about":[{"href":"https:\/\/linitiative.ca\/International\/wp-json\/wp\/v2\/types\/post"}],"author":[{"embeddable":true,"href":"https:\/\/linitiative.ca\/International\/wp-json\/wp\/v2\/users\/1816"}],"replies":[{"embeddable":true,"href":"https:\/\/linitiative.ca\/International\/wp-json\/wp\/v2\/comments?post=138099"}],"version-history":[{"count":0,"href":"https:\/\/linitiative.ca\/International\/wp-json\/wp\/v2\/posts\/138099\/revisions"}],"wp:attachment":[{"href":"https:\/\/linitiative.ca\/International\/wp-json\/wp\/v2\/media?parent=138099"}],"wp:term":[{"taxonomy":"category","embeddable":true,"href":"https:\/\/linitiative.ca\/International\/wp-json\/wp\/v2\/categories?post=138099"},{"taxonomy":"post_tag","embeddable":true,"href":"https:\/\/linitiative.ca\/International\/wp-json\/wp\/v2\/tags?post=138099"}],"curies":[{"name":"wp","href":"https:\/\/api.w.org\/{rel}","templated":true}]}}